{"id":224195,"date":"2024-08-16T19:59:07","date_gmt":"2024-08-16T22:59:07","guid":{"rendered":"https:\/\/diarioregionaldigital.com.br\/?p=224195"},"modified":"2024-08-16T19:59:07","modified_gmt":"2024-08-16T22:59:07","slug":"brasileirao-feminino-volta-sabado-com-duelo-avai-kindermann-x-flamengo","status":"publish","type":"post","link":"https:\/\/diarioregionaldigital.com.br\/?p=224195","title":{"rendered":"Brasileir\u00e3o Feminino volta s\u00e1bado com duelo Ava\u00ed Kindermann x Flamengo"},"content":{"rendered":"<p>A S\u00e9rie A1 (primeira divis\u00e3o) do Campeonato Brasileiro Feminino retorna neste s\u00e1bado (17), ap\u00f3s dois meses de paralisa\u00e7\u00e3o por conta da participa\u00e7\u00e3o da sele\u00e7\u00e3o nos Jogos de Paris, que culminou na conquista da medalha de prata. Dois jogos \u00e0s 11h (hor\u00e1rio de Bras\u00edlia) abrem 14\u00aa rodada, a pen\u00faltima da primeira fase (classificat\u00f3ria). Apenas os primeiros oito colocados, de um total de 16 equipes, avan\u00e7am \u00e0s quartas de final.<img decoding=\"async\" src=\"https:\/\/agenciabrasil.ebc.com.br\/ebc.png?id=1608244&amp;o=node\" \/><img decoding=\"async\" src=\"https:\/\/agenciabrasil.ebc.com.br\/ebc.gif?id=1608244&amp;o=node\" \/><\/p>\n<p>Quinto colocado na tabela, o Cruzeiro recebe o l\u00edder Corinthians. J\u00e1 o Flamengo, em oitavo, visita o Ava\u00ed\/Kindermann (15\u00ba), que luta para deixar a zona de rebaixamento (ZR). O embate entre Meninas da G\u00e1vea (Fla) e Leoas (Ava\u00ed) ser\u00e1 transmitido ao vivo na\u00a0<a href=\"https:\/\/tvbrasil.ebc.com.br\/\"><strong>TV Brasi<\/strong><\/a>l, direto do Est\u00e1dio Carlos Alberto Costa Neves (tamb\u00e9m conhecido como Sal\u00e9zio Kindermann), na cidade de Ca\u00e7ador (SC).<\/p>\n<p>A equipe carioca aproveitou as semanas de intervalo do Brasileir\u00e3o para intensificar os treinos e ajustar o time para as duas rodadas finais da primeira fase. No retrospecto, o Flamengo leva a melhor sobre o Ava\u00ed: de um total de oito partidas, as cariocas venceram cinco e as catarinenses tr\u00eas.<\/p>\n<p>Capit\u00e3 da equipe rubro-negra, a catarinense Djenifer Becker vive a expectativa de volta a jogar em casa diante da fam\u00edlia e dos amigos. .<\/p>\n<blockquote><p>\u201c\u00c9 uma nostalgia, hoje eu vim treinar no campo onde eu treinei por anos, na cidade onde eu morei por anos tamb\u00e9m. Um sentimento bom, mas amanh\u00e3 eu estou representando as cores rubro-negras. \u00c9 um jogo muito importante para a gente, que a gente precisa ir com foco total. A gente sabe que vai ser muito dif\u00edcil, pelo contexto todo: ter uma equipe com qualidade do outro lado, um campo pequeno. Temos que manter muita concentra\u00e7\u00e3o para buscar mais esses tr\u00eas pontos\u201d, disse Djenifer, ap\u00f3s o o \u00faltimo treino na manh\u00e3 desta sexta (16), em\u00a0<a href=\"https:\/\/www.instagram.com\/p\/C-vb55kOoDU\/\"><strong>depoimento no Instagram do Rubro-Negro.<\/strong><\/a><\/p>\n<p>Vice-lanterna do Brasileir\u00e3o, o Ava\u00ed Kindermann conta como o apoio da torcida para garantir a primeira vit\u00f3ria em casa. No pr\u00f3ximo embate, que fecha a primeira fase, as Leoas enfrentar\u00e3o o Corinthians em S\u00e3o Paulo.<\/p>\n<blockquote><p>\u201cA gente sabe da import\u00e2ncia desses dois jogos para n\u00f3s, para que a gente honre a camisa do Ava\u00ed\/Kindermann, para que a gente busque essa primeira vit\u00f3ria dentro de casa para honrar o nosso trabalho, porque a gente sabe que as coisas n\u00e3o aconteceram como gostar\u00edamos durante o campeonato\u201d, avaliou Carine Bosetti, t\u00e9cnica das Leoas.<\/p><\/blockquote>\n<h2>Santos x Botafogo na TV Brasil<\/h2>\n<p>As Sereias da Vila e as Gloriosas se enfrentam \u00e0s 11h de domingo (18) com o desafio de escaparem da ZR. A equipe santista ocupa a 13\u00aa posi\u00e7\u00e3o na tabela, com 10 pontos, mesmo total do Botafogo, em 14\u00ba lugar. A partida na Vila Belmiro ter\u00e1 transmiss\u00e3o ao vivo da\u00a0<strong>TV Brasil.<\/p>\n<p><\/strong>Fonte: Ag\u00eancia Brasil<\/p><\/blockquote>\n","protected":false},"excerpt":{"rendered":"<p>A S\u00e9rie A1 (primeira divis\u00e3o) do Campeonato Brasileiro Feminino retorna neste s\u00e1bado (17), ap\u00f3s dois meses de paralisa\u00e7\u00e3o por conta da participa\u00e7\u00e3o da sele\u00e7\u00e3o nos Jogos de Paris, que culminou na conquista da medalha de prata. Dois jogos \u00e0s 11h (hor\u00e1rio de Bras\u00edlia) abrem 14\u00aa rodada, a pen\u00faltima da primeira fase (classificat\u00f3ria). Apenas os primeiros [&hellip;]<\/p>\n","protected":false},"author":246,"featured_media":224196,"comment_status":"closed","ping_status":"closed","sticky":false,"template":"","format":"standard","meta":{"footnotes":""},"categories":[436,257,439],"tags":[],"class_list":["post-224195","post","type-post","status-publish","format-standard","has-post-thumbnail","hentry","category-destaque-da-semana","category-esporte","category-ultima-hora"],"_links":{"self":[{"href":"https:\/\/diarioregionaldigital.com.br\/index.php?rest_route=\/wp\/v2\/posts\/224195","targetHints":{"allow":["GET"]}}],"collection":[{"href":"https:\/\/diarioregionaldigital.com.br\/index.php?rest_route=\/wp\/v2\/posts"}],"about":[{"href":"https:\/\/diarioregionaldigital.com.br\/index.php?rest_route=\/wp\/v2\/types\/post"}],"author":[{"embeddable":true,"href":"https:\/\/diarioregionaldigital.com.br\/index.php?rest_route=\/wp\/v2\/users\/246"}],"replies":[{"embeddable":true,"href":"https:\/\/diarioregionaldigital.com.br\/index.php?rest_route=%2Fwp%2Fv2%2Fcomments&post=224195"}],"version-history":[{"count":1,"href":"https:\/\/diarioregionaldigital.com.br\/index.php?rest_route=\/wp\/v2\/posts\/224195\/revisions"}],"predecessor-version":[{"id":224197,"href":"https:\/\/diarioregionaldigital.com.br\/index.php?rest_route=\/wp\/v2\/posts\/224195\/revisions\/224197"}],"wp:featuredmedia":[{"embeddable":true,"href":"https:\/\/diarioregionaldigital.com.br\/index.php?rest_route=\/wp\/v2\/media\/224196"}],"wp:attachment":[{"href":"https:\/\/diarioregionaldigital.com.br\/index.php?rest_route=%2Fwp%2Fv2%2Fmedia&parent=224195"}],"wp:term":[{"taxonomy":"category","embeddable":true,"href":"https:\/\/diarioregionaldigital.com.br\/index.php?rest_route=%2Fwp%2Fv2%2Fcategories&post=224195"},{"taxonomy":"post_tag","embeddable":true,"href":"https:\/\/diarioregionaldigital.com.br\/index.php?rest_route=%2Fwp%2Fv2%2Ftags&post=224195"}],"curies":[{"name":"wp","href":"https:\/\/api.w.org\/{rel}","templated":true}]}}