{"id":224189,"date":"2024-08-16T19:55:13","date_gmt":"2024-08-16T22:55:13","guid":{"rendered":"https:\/\/diarioregionaldigital.com.br\/?p=224189"},"modified":"2024-08-16T19:55:13","modified_gmt":"2024-08-16T22:55:13","slug":"pec-que-limita-decisoes-do-supremo-comeca-a-tramitar-na-camara","status":"publish","type":"post","link":"https:\/\/diarioregionaldigital.com.br\/?p=224189","title":{"rendered":"PEC que limita decis\u00f5es do Supremo come\u00e7a a tramitar na C\u00e2mara"},"content":{"rendered":"<p>O presidente da C\u00e2mara dos Deputados, Arthur Lira (PP-AL), encaminhou nesta sexta-feira (16) para an\u00e1lise da Comiss\u00e3o de Constitui\u00e7\u00e3o e Justi\u00e7a (CCJ) a Proposta de Emenda \u00e0 Constitui\u00e7\u00e3o (PEC) n\u00ba 8\/2021,\u00a0que limita decis\u00f5es monocr\u00e1ticas no Supremo Tribunal Federal (STF) e em outros tribunais superiores. A PEC foi\u00a0<a href=\"https:\/\/agenciabrasil.ebc.com.br\/politica\/noticia\/2023-11\/senado-aprova-pec-que-limita-decisoes-individuais-de-ministros-do-stf\" target=\"_blank\" rel=\"noopener\">aprovada no Senado<\/a>\u00a0em novembro do ano passado e estava aguardando o\u00a0<a href=\"https:\/\/www.camara.leg.br\/proposicoesWeb\/fichadetramitacao?idProposicao=2410488&amp;fichaAmigavel=nao\" target=\"_blank\" rel=\"noopener\">in\u00edcio da tramita\u00e7\u00e3o na C\u00e2mara<\/a>.<img decoding=\"async\" src=\"https:\/\/agenciabrasil.ebc.com.br\/ebc.png?id=1608231&amp;o=node\" \/><img decoding=\"async\" src=\"https:\/\/agenciabrasil.ebc.com.br\/ebc.gif?id=1608231&amp;o=node\" \/><\/p>\n<p>Ap\u00f3s passar pela CCJ, a proposta ter\u00e1 que ser aprovada em dois turnos no plen\u00e1rio da C\u00e2mara.<\/p>\n<p>A PEC 8\/2021 pro\u00edbe decis\u00f5es monocr\u00e1ticas que suspendam a efic\u00e1cia de lei ou ato normativo com efeito geral, ou que suspendam atos dos presidentes da Rep\u00fablica, do Senado e da C\u00e2mara dos Deputados. Tamb\u00e9m ficam vetadas\u00a0decis\u00f5es monocr\u00e1ticas com poder de suspender a tramita\u00e7\u00e3o de propostas legislativas, que afetem pol\u00edticas p\u00fablicas ou criem despesas para qualquer Poder.<\/p>\n<p>As decis\u00f5es monocr\u00e1ticas s\u00e3o aquelas tomadas por apenas um magistrado. Trata-se de uma decis\u00e3o provis\u00f3ria, que precisa ser confirmada pelo conjunto dos ministros da Corte.<\/p>\n<p>Na manh\u00e3 de hoje, o\u00a0<a href=\"https:\/\/agenciabrasil.ebc.com.br\/politica\/noticia\/2024-08\/maioria-do-stf-confirma-suspensao-da-execucao-de-emendas-ao-orcamento\" target=\"_blank\" rel=\"noopener\">STF confirmou\u00a0<\/a>as decis\u00f5es provis\u00f3rias do ministro Fl\u00e1vio Dino, que suspendem a execu\u00e7\u00e3o de diferentes tipos de emendas feitas por parlamentares ao Or\u00e7amento da Uni\u00e3o, incluindo as impositivas individuais e de bancada dos estados, cuja execu\u00e7\u00e3o seria obrigat\u00f3ria. Tamb\u00e9m foram suspensas as chamadas &#8220;emendas Pix&#8221;, que permitem a transfer\u00eancia direta a estados e munic\u00edpios por indica\u00e7\u00e3o individual de parlamentar sem que seja necess\u00e1rio vincular a verba a projeto, programa ou conv\u00eanio espec\u00edficos.<\/p>\n<p>Fonte: Ag\u00eancia Brasil<\/p>\n","protected":false},"excerpt":{"rendered":"<p>O presidente da C\u00e2mara dos Deputados, Arthur Lira (PP-AL), encaminhou nesta sexta-feira (16) para an\u00e1lise da Comiss\u00e3o de Constitui\u00e7\u00e3o e Justi\u00e7a (CCJ) a Proposta de Emenda \u00e0 Constitui\u00e7\u00e3o (PEC) n\u00ba 8\/2021,\u00a0que limita decis\u00f5es monocr\u00e1ticas no Supremo Tribunal Federal (STF) e em outros tribunais superiores. A PEC foi\u00a0aprovada no Senado\u00a0em novembro do ano passado e estava [&hellip;]<\/p>\n","protected":false},"author":246,"featured_media":224190,"comment_status":"closed","ping_status":"closed","sticky":false,"template":"","format":"standard","meta":{"footnotes":""},"categories":[436,254,439],"tags":[],"class_list":["post-224189","post","type-post","status-publish","format-standard","has-post-thumbnail","hentry","category-destaque-da-semana","category-politica","category-ultima-hora"],"_links":{"self":[{"href":"https:\/\/diarioregionaldigital.com.br\/index.php?rest_route=\/wp\/v2\/posts\/224189","targetHints":{"allow":["GET"]}}],"collection":[{"href":"https:\/\/diarioregionaldigital.com.br\/index.php?rest_route=\/wp\/v2\/posts"}],"about":[{"href":"https:\/\/diarioregionaldigital.com.br\/index.php?rest_route=\/wp\/v2\/types\/post"}],"author":[{"embeddable":true,"href":"https:\/\/diarioregionaldigital.com.br\/index.php?rest_route=\/wp\/v2\/users\/246"}],"replies":[{"embeddable":true,"href":"https:\/\/diarioregionaldigital.com.br\/index.php?rest_route=%2Fwp%2Fv2%2Fcomments&post=224189"}],"version-history":[{"count":1,"href":"https:\/\/diarioregionaldigital.com.br\/index.php?rest_route=\/wp\/v2\/posts\/224189\/revisions"}],"predecessor-version":[{"id":224191,"href":"https:\/\/diarioregionaldigital.com.br\/index.php?rest_route=\/wp\/v2\/posts\/224189\/revisions\/224191"}],"wp:featuredmedia":[{"embeddable":true,"href":"https:\/\/diarioregionaldigital.com.br\/index.php?rest_route=\/wp\/v2\/media\/224190"}],"wp:attachment":[{"href":"https:\/\/diarioregionaldigital.com.br\/index.php?rest_route=%2Fwp%2Fv2%2Fmedia&parent=224189"}],"wp:term":[{"taxonomy":"category","embeddable":true,"href":"https:\/\/diarioregionaldigital.com.br\/index.php?rest_route=%2Fwp%2Fv2%2Fcategories&post=224189"},{"taxonomy":"post_tag","embeddable":true,"href":"https:\/\/diarioregionaldigital.com.br\/index.php?rest_route=%2Fwp%2Fv2%2Ftags&post=224189"}],"curies":[{"name":"wp","href":"https:\/\/api.w.org\/{rel}","templated":true}]}}