{"id":224186,"date":"2024-08-16T19:53:03","date_gmt":"2024-08-16T22:53:03","guid":{"rendered":"https:\/\/diarioregionaldigital.com.br\/?p=224186"},"modified":"2024-08-16T19:53:03","modified_gmt":"2024-08-16T22:53:03","slug":"minas-lidera-crescimento-turistico-no-brasil-e-repassa-r-37-milhoes-a-municipios-no-primeiro-semestre-de-2024-via-icms-turismo","status":"publish","type":"post","link":"https:\/\/diarioregionaldigital.com.br\/?p=224186","title":{"rendered":"Minas lidera crescimento tur\u00edstico no Brasil e repassa R$ 37 milh\u00f5es a munic\u00edpios no primeiro semestre de 2024 via ICMS Turismo"},"content":{"rendered":"<p>Pelo segundo ano consecutivo, Minas Gerais permanece na lideran\u00e7a do crescimento da atividade tur\u00edstica no Brasil. No primeiro semestre de 2024, de janeiro a junho, o estado teve varia\u00e7\u00e3o positiva de 9% em rela\u00e7\u00e3o ao mesmo per\u00edodo de 2023, ficando 592,31% acima da m\u00e9dia nacional (1,3%), juntamente com a Bahia.<\/p>\n<p>Minas tamb\u00e9m segue em destaque\u00a0em rela\u00e7\u00e3o ao crescimento acumulado dos \u00faltimos 12 meses. Nesse intervalo, o estado cresceu 11,1%, enquanto a m\u00e9dia nacional foi de 3,4%. Os dados s\u00e3o do Instituto Brasileiro de Geografia e Estat\u00edstica (IBGE) e foram compilados pelo Observat\u00f3rio do Turismo (OTM), da\u00a0<a href=\"https:\/\/www.secult.mg.gov.br\/\" target=\"_blank\" rel=\"noopener\">Secretaria de Estado de Cultura e Turismo de Minas Gerais (Secult-MG)<\/a>.<\/p>\n<p>\u201cNo primeiro semestre de 2024, Minas cresceu 9% na sua atividade tur\u00edstica segundo o IBGE, enquanto a m\u00e9dia nacional esteve em torno de 1%. Isso mostra a lideran\u00e7a de Minas Gerais no cen\u00e1rio nacional de crescimento da atividade econ\u00f4mica e do turismo, que \u00e9 gera\u00e7\u00e3o de emprego e renda, visitantes e mais pujan\u00e7a para este\u00a0estado t\u00e3o bonito. Minas est\u00e1 na moda\u201d, comenta o secret\u00e1rio de Estado de Cultura e Turismo de Minas Gerais, Le\u00f4nidas de Oliveira.<\/p>\n<p>O semestre tamb\u00e9m foi marcado pelo recorde nos repasses do ICMS Turismo. Foram R$ 37,1 milh\u00f5es distribu\u00eddos a 513 munic\u00edpios pelo\u00a0<a href=\"https:\/\/www.mg.gov.br\/\" target=\"_blank\" rel=\"noopener\">Governo de Minas<\/a>. O valor \u00e9 cinco vezes maior do que o repasse do mesmo per\u00edodo de 2023, quando o Estado destinou R$ 6,8 milh\u00f5es \u00e0s cidades mineiras.<\/p>\n<p>O aumento hist\u00f3rico se deve \u00e0 Lei \u00ba 24.431\/2023, que elevou de 0,1% para 0,5% o percentual destinado \u00e0 atividade tur\u00edstica na distribui\u00e7\u00e3o de parte da arrecada\u00e7\u00e3o do Imposto sobre Circula\u00e7\u00e3o de Mercadorias e Servi\u00e7os (ICMS). Sancionada em setembro de 2023, a lei demonstra n\u00e3o s\u00f3 o compromisso do Governo de Minas com a descentraliza\u00e7\u00e3o dos recursos, como tamb\u00e9m os efeitos pr\u00e1ticos para as cidades, que poder\u00e3o investir ainda mais no desenvolvimento do turismo local.<\/p>\n<p>Al\u00e9m disso, a Secult-MG fez investimentos de mais de R$ 3,3 milh\u00f5es no setor. O montante foi aplicado em \u00e1reas estrat\u00e9gicas, como a divulga\u00e7\u00e3o tur\u00edstica de Minas Gerais no Brasil e no exterior, estrutura\u00e7\u00e3o de produtos tur\u00edsticos, desenvolvimento da pol\u00edtica de regionaliza\u00e7\u00e3o, planejamento e monitoramento do turismo e capacita\u00e7\u00e3o profissional. Ao todo, foram R$ 40,4 milh\u00f5es investidos nos seis primeiros meses de 2024.<\/p>\n<p><strong>Gera\u00e7\u00e3o de emprego<\/strong><\/p>\n<p>Englobando cultura e turismo, a economia da criatividade gerou 21.968 empregos no primeiro semestre de 2024, n\u00famero que corresponde a 13,5% das 162 mil vagas abertas em Minas Gerais no per\u00edodo. O estoque no setor \u00e9 de 804.188 pessoas com carteira assinada, o que representa 16,4% dos 4,9 milh\u00f5es de trabalhadores formais do estado.<\/p>\n<p>Somente o turismo mineiro gerou 9.133 novos empregos de janeiro a junho. O per\u00edodo soma 436.385 pessoas empregadas formalmente, de acordo com o Novo Caged, do Minist\u00e9rio do Trabalho e Emprego. Somente em junho foram admitidos 1.433 trabalhadores no setor, um crescimento de 186,6% em rela\u00e7\u00e3o a maio.<\/p>\n<p>Na cultura, foram criados 12.835 novos postos de trabalho de janeiro a junho, resultando em um estoque de 367.803 empregados. O maior destaque foi do ramo de entretenimento, que admitiu 508 trabalhadores apenas no \u00faltimo m\u00eas analisado.<\/p>\n<p><strong>Cresce movimento nos aeroportos<\/strong><\/p>\n<p>O movimento nos aeroportos mineiros tamb\u00e9m apresentou n\u00fameros expressivos no primeiro semestre deste ano. Mais de 3,27 milh\u00f5es de pessoas desembarcaram nos terminais de janeiro a junho, um crescimento de 9,27% em rela\u00e7\u00e3o ao primeiro semestre de 2023. Somente em junho, os terminais receberam 590.585 passageiros, desempenho 20,21% acima do registrado no mesmo per\u00edodo de 2023.<\/p>\n<p>Ao longo do primeiro semestre, 253.659 passageiros passaram por Minas em voos internacionais. Panam\u00e1, Portugal, Col\u00f4mbia, Chile e Cura\u00e7ao foram os principais pa\u00edses emissores. Em n\u00edvel nacional, os turistas mais frequentes vieram de S\u00e3o Paulo, Minas Gerais, Bahia, Rio de Janeiro e Distrito Federal.<\/p>\n<p><strong>Parques estaduais em alta<\/strong><\/p>\n<p>Provando a voca\u00e7\u00e3o de Minas Gerais para o turismo verde, a visita\u00e7\u00e3o aos parques estaduais tamb\u00e9m cresceu de janeiro a junho deste ano. O estado registrou 304.914 visitantes no primeiro semestre, n\u00famero 30,78% maior do que os 233.143 contados no ano anterior.<\/p>\n<p>Considerando apenas o m\u00eas de junho, os parques mineiros receberam 47.432 pessoas, um aumento de 12,6% em rela\u00e7\u00e3o a junho de 2023. Mais uma vez, o mais frequentado foi o Parque Estadual da Serra do Rola-Mo\u00e7a, localizado em Nova Lima, na Regi\u00e3o Metropolitana de Belo Horizonte, com 20.553 visitas.<\/p>\n<p>Fonte: Ag\u00eancia Minas<\/p>\n","protected":false},"excerpt":{"rendered":"<p>Pelo segundo ano consecutivo, Minas Gerais permanece na lideran\u00e7a do crescimento da atividade tur\u00edstica no Brasil. No primeiro semestre de 2024, de janeiro a junho, o estado teve varia\u00e7\u00e3o positiva de 9% em rela\u00e7\u00e3o ao mesmo per\u00edodo de 2023, ficando 592,31% acima da m\u00e9dia nacional (1,3%), juntamente com a Bahia. Minas tamb\u00e9m segue em destaque\u00a0em [&hellip;]<\/p>\n","protected":false},"author":246,"featured_media":224187,"comment_status":"closed","ping_status":"closed","sticky":false,"template":"","format":"standard","meta":{"footnotes":""},"categories":[436,261,254,439],"tags":[],"class_list":["post-224186","post","type-post","status-publish","format-standard","has-post-thumbnail","hentry","category-destaque-da-semana","category-economia","category-politica","category-ultima-hora"],"_links":{"self":[{"href":"https:\/\/diarioregionaldigital.com.br\/index.php?rest_route=\/wp\/v2\/posts\/224186","targetHints":{"allow":["GET"]}}],"collection":[{"href":"https:\/\/diarioregionaldigital.com.br\/index.php?rest_route=\/wp\/v2\/posts"}],"about":[{"href":"https:\/\/diarioregionaldigital.com.br\/index.php?rest_route=\/wp\/v2\/types\/post"}],"author":[{"embeddable":true,"href":"https:\/\/diarioregionaldigital.com.br\/index.php?rest_route=\/wp\/v2\/users\/246"}],"replies":[{"embeddable":true,"href":"https:\/\/diarioregionaldigital.com.br\/index.php?rest_route=%2Fwp%2Fv2%2Fcomments&post=224186"}],"version-history":[{"count":1,"href":"https:\/\/diarioregionaldigital.com.br\/index.php?rest_route=\/wp\/v2\/posts\/224186\/revisions"}],"predecessor-version":[{"id":224188,"href":"https:\/\/diarioregionaldigital.com.br\/index.php?rest_route=\/wp\/v2\/posts\/224186\/revisions\/224188"}],"wp:featuredmedia":[{"embeddable":true,"href":"https:\/\/diarioregionaldigital.com.br\/index.php?rest_route=\/wp\/v2\/media\/224187"}],"wp:attachment":[{"href":"https:\/\/diarioregionaldigital.com.br\/index.php?rest_route=%2Fwp%2Fv2%2Fmedia&parent=224186"}],"wp:term":[{"taxonomy":"category","embeddable":true,"href":"https:\/\/diarioregionaldigital.com.br\/index.php?rest_route=%2Fwp%2Fv2%2Fcategories&post=224186"},{"taxonomy":"post_tag","embeddable":true,"href":"https:\/\/diarioregionaldigital.com.br\/index.php?rest_route=%2Fwp%2Fv2%2Ftags&post=224186"}],"curies":[{"name":"wp","href":"https:\/\/api.w.org\/{rel}","templated":true}]}}