{"id":224183,"date":"2024-08-16T19:51:53","date_gmt":"2024-08-16T22:51:53","guid":{"rendered":"https:\/\/diarioregionaldigital.com.br\/?p=224183"},"modified":"2024-08-16T19:51:53","modified_gmt":"2024-08-16T22:51:53","slug":"atividade-economica-tem-alta-de-11-no-segundo-trimestre","status":"publish","type":"post","link":"https:\/\/diarioregionaldigital.com.br\/?p=224183","title":{"rendered":"Atividade econ\u00f4mica tem alta de 1,1% no segundo trimestre"},"content":{"rendered":"<p>A atividade econ\u00f4mica no Brasil registrou alta no segundo trimestre, de acordo com informa\u00e7\u00f5es divulgadas nesta sexta-feira (16) pelo Banco Central (BC). O \u00cdndice de Atividade Econ\u00f4mica do BC (IBC-Br) teve aumento de 1,1% de abril a junho em rela\u00e7\u00e3o ao trimestre anterior (janeiro a mar\u00e7o), de acordo com dados dessazonalizados (ajustados para o per\u00edodo).<img decoding=\"async\" src=\"https:\/\/agenciabrasil.ebc.com.br\/ebc.png?id=1608228&amp;o=node\" \/><img decoding=\"async\" src=\"https:\/\/agenciabrasil.ebc.com.br\/ebc.gif?id=1608228&amp;o=node\" \/><\/p>\n<p>Em compara\u00e7\u00e3o ao segundo trimestre de 2023, a alta foi de 2,8%, sem ajuste para o per\u00edodo, j\u00e1 que a compara\u00e7\u00e3o \u00e9 entre meses iguais.<\/p>\n<p>Considerando apenas o m\u00eas de junho deste ano, o IBC-Br teve aumento de 1,4% em rela\u00e7\u00e3o a maio, atingindo 152,09 pontos, em dados dessazonalizados. Na compara\u00e7\u00e3o com o mesmo m\u00eas de 2023, houve alta de 3,2% (sem ajuste para o per\u00edodo).<\/p>\n<p>No acumulado do ano, o indicador ficou positivo em 2,1% e, em 12 meses, registrou aumento de 1,6%.<\/p>\n<p>O IBC-Br avalia a evolu\u00e7\u00e3o da atividade econ\u00f4mica do pa\u00eds e ajuda o BC a tomar decis\u00f5es sobre a taxa b\u00e1sica de juros, a Selic,\u00a0<a href=\"https:\/\/agenciabrasil.ebc.com.br\/economia\/noticia\/2024-08\/com-alta-do-dolar-e-dos-gastos-publicos-bc-avalia-subir-juros\" target=\"_blank\" rel=\"noopener\">atualmente em 10,5% ao ano<\/a>\u00a0fixada pelo Comit\u00ea de Pol\u00edtica Monet\u00e1ria (Copom) do BC. O \u00edndice incorpora informa\u00e7\u00f5es sobre o n\u00edvel de atividade de setores da economia \u2013 ind\u00fastria, com\u00e9rcio e servi\u00e7os e agropecu\u00e1ria \u2013, al\u00e9m do volume de impostos.<\/p>\n<p>A taxa b\u00e1sica de juros \u00e9 usada nas negocia\u00e7\u00f5es de t\u00edtulos p\u00fablicos no Sistema Especial de Liquida\u00e7\u00e3o e Cust\u00f3dia (Selic) e serve de refer\u00eancia para as demais taxas de juros da economia. Por isso, a Selic \u00e9 o principal instrumento do BC para alcan\u00e7ar a meta de infla\u00e7\u00e3o.<\/p>\n<p>Quando o Copom aumenta a taxa b\u00e1sica de juros, a finalidade \u00e9 conter a demanda aquecida, e isso causa reflexos nos pre\u00e7os porque os juros mais altos encarecem o cr\u00e9dito e estimulam a poupan\u00e7a. Desse modo, taxas mais altas ajudam a redu\u00e7\u00e3o da infla\u00e7\u00e3o, mas tamb\u00e9m podem dificultar a expans\u00e3o da economia. Ao reduzir os juros b\u00e1sicos, o Copom barateia o cr\u00e9dito e incentiva a produ\u00e7\u00e3o e o consumo, mas enfraquece o controle da infla\u00e7\u00e3o.<\/p>\n<h2>PIB<\/h2>\n<p>Divulgado mensalmente, o IBC-Br emprega uma metodologia diferente da utilizada para medir o Produto Interno Bruto (PIB, soma dos bens e servi\u00e7os produzidos no pa\u00eds), que \u00e9 o indicador oficial da economia brasileira medido pelo Instituto Brasileiro de Geografia e Estat\u00edstica (IBGE). Segundo o pr\u00f3prio BC, o \u00edndice \u201ccontribui para a elabora\u00e7\u00e3o de estrat\u00e9gia da pol\u00edtica monet\u00e1ria\u201d do pa\u00eds, mas \u201cn\u00e3o \u00e9 exatamente uma pr\u00e9via do PIB.\u201d<\/p>\n<p>No primeiro trimestre deste ano, o\u00a0<a href=\"https:\/\/agenciabrasil.ebc.com.br\/economia\/noticia\/2024-06\/economia-do-pais-cresce-25-em-doze-meses-aponta-ibge\" target=\"_blank\" rel=\"noopener\">indicador cresceu 2,5%<\/a>\u00a0em compara\u00e7\u00e3o com o mesmo per\u00edodo do ano passado. Em rela\u00e7\u00e3o ao \u00faltimo trimestre de 2023, o PIB teve alta de 0,8%.<\/p>\n<p>O PIB oficial do segundo trimestre ser\u00e1 divulgado pelo IBGE no dia 3 de setembro.<\/p>\n<p>Superando as proje\u00e7\u00f5es, em 2023, a\u00a0<a href=\"https:\/\/agenciabrasil.ebc.com.br\/economia\/noticia\/2024-03\/economia-brasileira-cresce-29-em-2023\" target=\"_blank\" rel=\"noopener\">economia brasileira cresceu 2,9%<\/a>, com um valor total de R$ 10,9 trilh\u00f5es. Em 2022, a taxa de crescimento havia sido 3%.<\/p>\n<p>Fonte: Ag\u00eancia Minas<\/p>\n","protected":false},"excerpt":{"rendered":"<p>A atividade econ\u00f4mica no Brasil registrou alta no segundo trimestre, de acordo com informa\u00e7\u00f5es divulgadas nesta sexta-feira (16) pelo Banco Central (BC). O \u00cdndice de Atividade Econ\u00f4mica do BC (IBC-Br) teve aumento de 1,1% de abril a junho em rela\u00e7\u00e3o ao trimestre anterior (janeiro a mar\u00e7o), de acordo com dados dessazonalizados (ajustados para o per\u00edodo). [&hellip;]<\/p>\n","protected":false},"author":246,"featured_media":224184,"comment_status":"closed","ping_status":"closed","sticky":false,"template":"","format":"standard","meta":{"footnotes":""},"categories":[436,440,261,439],"tags":[],"class_list":["post-224183","post","type-post","status-publish","format-standard","has-post-thumbnail","hentry","category-destaque-da-semana","category-destaques-do-dia","category-economia","category-ultima-hora"],"_links":{"self":[{"href":"https:\/\/diarioregionaldigital.com.br\/index.php?rest_route=\/wp\/v2\/posts\/224183","targetHints":{"allow":["GET"]}}],"collection":[{"href":"https:\/\/diarioregionaldigital.com.br\/index.php?rest_route=\/wp\/v2\/posts"}],"about":[{"href":"https:\/\/diarioregionaldigital.com.br\/index.php?rest_route=\/wp\/v2\/types\/post"}],"author":[{"embeddable":true,"href":"https:\/\/diarioregionaldigital.com.br\/index.php?rest_route=\/wp\/v2\/users\/246"}],"replies":[{"embeddable":true,"href":"https:\/\/diarioregionaldigital.com.br\/index.php?rest_route=%2Fwp%2Fv2%2Fcomments&post=224183"}],"version-history":[{"count":1,"href":"https:\/\/diarioregionaldigital.com.br\/index.php?rest_route=\/wp\/v2\/posts\/224183\/revisions"}],"predecessor-version":[{"id":224185,"href":"https:\/\/diarioregionaldigital.com.br\/index.php?rest_route=\/wp\/v2\/posts\/224183\/revisions\/224185"}],"wp:featuredmedia":[{"embeddable":true,"href":"https:\/\/diarioregionaldigital.com.br\/index.php?rest_route=\/wp\/v2\/media\/224184"}],"wp:attachment":[{"href":"https:\/\/diarioregionaldigital.com.br\/index.php?rest_route=%2Fwp%2Fv2%2Fmedia&parent=224183"}],"wp:term":[{"taxonomy":"category","embeddable":true,"href":"https:\/\/diarioregionaldigital.com.br\/index.php?rest_route=%2Fwp%2Fv2%2Fcategories&post=224183"},{"taxonomy":"post_tag","embeddable":true,"href":"https:\/\/diarioregionaldigital.com.br\/index.php?rest_route=%2Fwp%2Fv2%2Ftags&post=224183"}],"curies":[{"name":"wp","href":"https:\/\/api.w.org\/{rel}","templated":true}]}}