{"id":224174,"date":"2024-08-16T01:01:04","date_gmt":"2024-08-16T04:01:04","guid":{"rendered":"https:\/\/diarioregionaldigital.com.br\/?p=224174"},"modified":"2024-08-16T01:11:42","modified_gmt":"2024-08-16T04:11:42","slug":"extrato-de-adesao-a-licitacao-070-16-08-2024","status":"publish","type":"post","link":"https:\/\/diarioregionaldigital.com.br\/?p=224174","title":{"rendered":"EXTRATO DE ADES\u00c3O A LICITA\u00c7\u00c3O 070 &#8211; 16\/08\/2024"},"content":{"rendered":"<div>\n<div class=\"s4\" style=\"text-align: center;\"><span class=\"s3\"><span class=\"bumpedFont15\">PREFEITURA MUNICIPAL DE DESCOBERTO<\/span><\/span><\/div>\n<\/div>\n<p class=\"s4\" style=\"text-align: center;\"><span class=\"s5\"><span class=\"bumpedFont17\">EXTRATO<\/span><\/span><span class=\"s5\"><span class=\"bumpedFont17\"> DE ADES\u00c3O A LICITA\u00c7\u00c2O &#8211; &#8220;CARONA&#8221;<\/span><\/span><\/p>\n<p class=\"s4\" style=\"text-align: center;\"><span class=\"s6\">Licita\u00e7\u00e3o n\u00b0 0<\/span><span class=\"s6\">70<\/span><span class=\"s6\">\/202<\/span><span class=\"s6\">4<\/span><\/p>\n<p class=\"s4\" style=\"text-align: center;\"><span class=\"s6\">Termo de Ades\u00e3o a Licita\u00e7\u00e3o<\/span><\/p>\n<p class=\"s7\" style=\"text-align: center;\">O Munic\u00edpio de DESCOBERTO, na forma da lei, faz saber a todos quantos o presente virem, ou dele conhecimento tiverem, que aderiu a licita\u00e7\u00e3o SEI n\u00ba 1320.01.0098230\/2023-53, promovida pelaSECRETARIA DE ESTADO DE PLANEJAMENTO E GEST\u00c3O desenvolvida sob a modalidade de Preg\u00e3o Eletr\u00f4nico n\u00ba 280\/2023, desenvolvida sob o sistema de registro de pre\u00e7os. Por conta da referida ades\u00e3o, foi firmado o contrato n\u00b0 ATA 139\/2024 tendo como partes o munic\u00edpio DESCOBERTO e a empresa CROMO COM\u00c9RCIO E DISTRIBUI\u00c7\u00c3O DE MATERIAIS ODONTO-M\u00c9DICO HOSPITALARES LTDA, no valor de R$ 82.686,00, cuja \u00edntegra se encontra arquivada e a disposi\u00e7\u00e3o para consulta. Para conhecimento de todos os interessados, expediu-se o presente que ser\u00e1 afixado no lugar de costume, publicando-se na forma da lei.DESCOBERTO, dia 16 de agosto de 2024.<\/p>\n<p class=\"s4\" style=\"text-align: center;\"><span class=\"s8\"><span class=\"bumpedFont15\">_______________________________________________________________<\/span><\/span><\/p>\n<p class=\"s4\" style=\"text-align: center;\"><span class=\"s8\"><span class=\"bumpedFont15\">Rua: Capit<\/span><\/span><span class=\"s8\"><span class=\"bumpedFont15\">\u00e3o Bas\u00edli<\/span><\/span><span class=\"s8\"><span class=\"bumpedFont15\">o n\u00ba 39 &#8211; Centro &#8211; Descoberto &#8211; MG &#8211; Cep 36690-000<\/span><\/span><\/p>\n<p class=\"s4\" style=\"text-align: center;\"><span class=\"s8\"><span class=\"bumpedFont15\">Tel<\/span><\/span><span class=\"s8\"><span class=\"bumpedFont15\"> (32) 3265-<\/span><\/span><span class=\"s8\"><span class=\"bumpedFont15\">1740 \u2013 e-mail: licitacao@descoberto.mg.gov.br<\/span><\/span><\/p>\n","protected":false},"excerpt":{"rendered":"<p>PREFEITURA MUNICIPAL DE DESCOBERTO EXTRATO DE ADES\u00c3O A LICITA\u00c7\u00c2O &#8211; &#8220;CARONA&#8221; Licita\u00e7\u00e3o n\u00b0 070\/2024 Termo de Ades\u00e3o a Licita\u00e7\u00e3o O Munic\u00edpio de DESCOBERTO, na forma da lei, faz saber a todos quantos o presente virem, ou dele conhecimento tiverem, que aderiu a licita\u00e7\u00e3o SEI n\u00ba 1320.01.0098230\/2023-53, promovida pelaSECRETARIA DE ESTADO DE PLANEJAMENTO E GEST\u00c3O desenvolvida [&hellip;]<\/p>\n","protected":false},"author":246,"featured_media":0,"comment_status":"closed","ping_status":"closed","sticky":false,"template":"","format":"standard","meta":{"footnotes":""},"categories":[307],"tags":[],"class_list":["post-224174","post","type-post","status-publish","format-standard","hentry","category-editais"],"_links":{"self":[{"href":"https:\/\/diarioregionaldigital.com.br\/index.php?rest_route=\/wp\/v2\/posts\/224174","targetHints":{"allow":["GET"]}}],"collection":[{"href":"https:\/\/diarioregionaldigital.com.br\/index.php?rest_route=\/wp\/v2\/posts"}],"about":[{"href":"https:\/\/diarioregionaldigital.com.br\/index.php?rest_route=\/wp\/v2\/types\/post"}],"author":[{"embeddable":true,"href":"https:\/\/diarioregionaldigital.com.br\/index.php?rest_route=\/wp\/v2\/users\/246"}],"replies":[{"embeddable":true,"href":"https:\/\/diarioregionaldigital.com.br\/index.php?rest_route=%2Fwp%2Fv2%2Fcomments&post=224174"}],"version-history":[{"count":2,"href":"https:\/\/diarioregionaldigital.com.br\/index.php?rest_route=\/wp\/v2\/posts\/224174\/revisions"}],"predecessor-version":[{"id":224179,"href":"https:\/\/diarioregionaldigital.com.br\/index.php?rest_route=\/wp\/v2\/posts\/224174\/revisions\/224179"}],"wp:attachment":[{"href":"https:\/\/diarioregionaldigital.com.br\/index.php?rest_route=%2Fwp%2Fv2%2Fmedia&parent=224174"}],"wp:term":[{"taxonomy":"category","embeddable":true,"href":"https:\/\/diarioregionaldigital.com.br\/index.php?rest_route=%2Fwp%2Fv2%2Fcategories&post=224174"},{"taxonomy":"post_tag","embeddable":true,"href":"https:\/\/diarioregionaldigital.com.br\/index.php?rest_route=%2Fwp%2Fv2%2Ftags&post=224174"}],"curies":[{"name":"wp","href":"https:\/\/api.w.org\/{rel}","templated":true}]}}