{"id":224171,"date":"2024-08-15T20:22:55","date_gmt":"2024-08-15T23:22:55","guid":{"rendered":"https:\/\/diarioregionaldigital.com.br\/?p=224171"},"modified":"2024-08-15T20:22:55","modified_gmt":"2024-08-15T23:22:55","slug":"transito-em-igrejinha-sofre-alteracoes-durante-pavimentacao-no-bairro","status":"publish","type":"post","link":"https:\/\/diarioregionaldigital.com.br\/?p=224171","title":{"rendered":"Tr\u00e2nsito em Igrejinha sofre altera\u00e7\u00f5es durante pavimenta\u00e7\u00e3o no bairro"},"content":{"rendered":"<p>Segundo informa\u00e7\u00f5es do site da Prefeitura de Juiz de Fora (PJF), a pavimenta\u00e7\u00e3o nas ruas do bairro Igrejinha, realizada pela Prefeitura de Juiz de Fora, poder\u00e1 gerar lentid\u00e3o no tr\u00e2nsito do local. Os trabalhos est\u00e3o sendo realizados na estrada de acesso ao bairro e em ruas internas da localidade. A previs\u00e3o \u00e9 que as obras sejam conclu\u00eddas at\u00e9 o final da pr\u00f3xima semana.<\/p>\n","protected":false},"excerpt":{"rendered":"<p>Segundo informa\u00e7\u00f5es do site da Prefeitura de Juiz de Fora (PJF), a pavimenta\u00e7\u00e3o nas ruas do bairro Igrejinha, realizada pela Prefeitura de Juiz de Fora, poder\u00e1 gerar lentid\u00e3o no tr\u00e2nsito do local. Os trabalhos est\u00e3o sendo realizados na estrada de acesso ao bairro e em ruas internas da localidade. A previs\u00e3o \u00e9 que as obras [&hellip;]<\/p>\n","protected":false},"author":246,"featured_media":224172,"comment_status":"closed","ping_status":"closed","sticky":false,"template":"","format":"standard","meta":{"footnotes":""},"categories":[253,436,440,439],"tags":[],"class_list":["post-224171","post","type-post","status-publish","format-standard","has-post-thumbnail","hentry","category-cidade","category-destaque-da-semana","category-destaques-do-dia","category-ultima-hora"],"_links":{"self":[{"href":"https:\/\/diarioregionaldigital.com.br\/index.php?rest_route=\/wp\/v2\/posts\/224171","targetHints":{"allow":["GET"]}}],"collection":[{"href":"https:\/\/diarioregionaldigital.com.br\/index.php?rest_route=\/wp\/v2\/posts"}],"about":[{"href":"https:\/\/diarioregionaldigital.com.br\/index.php?rest_route=\/wp\/v2\/types\/post"}],"author":[{"embeddable":true,"href":"https:\/\/diarioregionaldigital.com.br\/index.php?rest_route=\/wp\/v2\/users\/246"}],"replies":[{"embeddable":true,"href":"https:\/\/diarioregionaldigital.com.br\/index.php?rest_route=%2Fwp%2Fv2%2Fcomments&post=224171"}],"version-history":[{"count":1,"href":"https:\/\/diarioregionaldigital.com.br\/index.php?rest_route=\/wp\/v2\/posts\/224171\/revisions"}],"predecessor-version":[{"id":224173,"href":"https:\/\/diarioregionaldigital.com.br\/index.php?rest_route=\/wp\/v2\/posts\/224171\/revisions\/224173"}],"wp:featuredmedia":[{"embeddable":true,"href":"https:\/\/diarioregionaldigital.com.br\/index.php?rest_route=\/wp\/v2\/media\/224172"}],"wp:attachment":[{"href":"https:\/\/diarioregionaldigital.com.br\/index.php?rest_route=%2Fwp%2Fv2%2Fmedia&parent=224171"}],"wp:term":[{"taxonomy":"category","embeddable":true,"href":"https:\/\/diarioregionaldigital.com.br\/index.php?rest_route=%2Fwp%2Fv2%2Fcategories&post=224171"},{"taxonomy":"post_tag","embeddable":true,"href":"https:\/\/diarioregionaldigital.com.br\/index.php?rest_route=%2Fwp%2Fv2%2Ftags&post=224171"}],"curies":[{"name":"wp","href":"https:\/\/api.w.org\/{rel}","templated":true}]}}