{"id":224159,"date":"2024-08-15T09:19:26","date_gmt":"2024-08-15T12:19:26","guid":{"rendered":"https:\/\/diarioregionaldigital.com.br\/?p=224159"},"modified":"2024-08-15T09:19:26","modified_gmt":"2024-08-15T12:19:26","slug":"edital-de-convocacao-assembleia-geral-16-08-2024","status":"publish","type":"post","link":"https:\/\/diarioregionaldigital.com.br\/?p=224159","title":{"rendered":"EDITAL DE CONVOCA\u00c7\u00c3O ASSEMBL\u00c9IA GERAL &#8211; 16\/08\/2024"},"content":{"rendered":"<p class=\"s3\" style=\"text-align: center;\"><span class=\"s4\">O Sindicato dos Trabalhadores nas Ind\u00fastrias Metal\u00fargicas, Mec\u00e2nicas, Material El\u00e9trico, Siderurgia e Fundi\u00e7\u00e3o, Montadora de ve\u00edculos, Auto Pe\u00e7as, Repara\u00e7\u00e3o de Ve\u00edculos e Acess\u00f3rios de Juiz de Fora, Matias Barbosa, Rio Novo, Rio Pomba, Santos Dumont, S\u00e3o Jo\u00e3o Nepomuceno, Bicas e <\/span><span class=\"s4\">Ewbanck<\/span><span class=\"s4\"> da C\u00e2mara \u2013 MG<\/span><span class=\"s5\">, convocam todos os trabalhadores de sua base territorial, associados ou n\u00e3o ao sindicato, para <\/span><span class=\"s5\">Assembl\u00e9ia<\/span><span class=\"s5\"> Geral <\/span><span class=\"s5\">extraord<\/span><span class=\"s5\">in\u00e1ria da CAMPANHA SALARIAL 2024\/2025<\/span><span class=\"s5\"> que ser\u00e1 realizada no<\/span><span class=\"s5\">s dias 21 e 22<\/span><span class=\"s5\"> de agosto de 20<\/span><span class=\"s5\">24, iniciando no dia 21\/08<\/span><span class=\"s5\">, na Portaria da sider\u00fargica <\/span><span class=\"s5\">ArcelorMittal<\/span><span class=\"s5\">, BR-040, Bairro Dias <\/span><span class=\"s5\">Tav\u00e1res<\/span><span class=\"s5\">, Km 769, Juiz de Fora &#8211; MG, 36105-000<\/span><span class=\"s5\">, nos hor<\/span><span class=\"s5\">\u00e1rios de troca de turno, \u00e0s 06:0<\/span><span class=\"s5\">0, as 14:<\/span><span class=\"s5\">00 e 22:00; no dia 22<\/span><span class=\"s5\">\/08<\/span><span class=\"s5\">, na portaria da empresa \u00e0s 09:00 e \u00e0s 14<\/span><span class=\"s5\">:00, e na sede do Sindicato, situada a rua Floriano Peixoto, n.\u00ba 72 \u2013 Centro \u2013 Juiz de Fora\/MG, \u00e0s 18:00 horas, em primeira convoca\u00e7\u00e3o, e, \u00e0s 18:30 horas, em segunda convoca\u00e7\u00e3o, conforme Estatuto Social Vigente, para discutir e deliberar sobre a seguinte ordem do dia:<\/span><\/p>\n<p class=\"s7\" style=\"text-align: center;\">\n<p class=\"s7\" style=\"text-align: center;\"><span class=\"s8\"><span class=\"bumpedFont17\">1- Discuss\u00e3o e Aprova\u00e7\u00e3o da Pauta de Reivindica\u00e7\u00f5<\/span><\/span><span class=\"s8\"><span class=\"bumpedFont17\">es referente a Data Base de 2024<\/span><\/span><span class=\"s8\"><span class=\"bumpedFont17\">, a ser apresentada ao Sindicato da Categoria Econ\u00f4mica correspondente;<\/span><\/span><\/p>\n<p class=\"s7\" style=\"text-align: center;\"><span class=\"s8\"><span class=\"bumpedFont17\">2- Autoriza\u00e7\u00e3o para Diretoria Executiva celebrar Conven\u00e7\u00e3o Coletiva de Trabalho, e, frustrada a negocia\u00e7\u00e3o, eleger \u00e1rbitro e\/ou suscitar Diss\u00eddio Coletivo perante o Poder Judici\u00e1rio;<\/span><\/span><\/p>\n<p class=\"s7\" style=\"text-align: center;\"><span class=\"s8\"><span class=\"bumpedFont17\">3- Delibera\u00e7\u00e3o sobre Greve, <\/span><\/span><span class=\"s8\"><span class=\"bumpedFont17\">inclusive,<\/span><\/span><span class=\"s8\"><span class=\"bumpedFont17\"> o pagamento dos dias parados; <\/span><\/span><\/p>\n<p class=\"s7\" style=\"text-align: center;\"><span class=\"s8\"><span class=\"bumpedFont17\">4- Delibera\u00e7\u00e3o sobre o percentual da contribui\u00e7\u00e3o assistencial\/taxa de custeio da negocia\u00e7\u00e3o coletiva a ser fixada pela Assembleia e descontada de todos os membros da categoria que n\u00e3o se oponham ao referido desconto, autorizando-o;<\/span><\/span><\/p>\n<p class=\"s7\" style=\"text-align: center;\"><span class=\"s8\"><span class=\"bumpedFont17\">5- Delibera\u00e7\u00f5es sobre a instala\u00e7\u00e3o em car\u00e1ter permanente da presente Assembleia;<\/span><\/span><\/p>\n<p class=\"s7\" style=\"text-align: center;\"><span class=\"s8\"><span class=\"bumpedFont17\">6- Delibera\u00e7\u00f5es Consequentes.<\/span><\/span><\/p>\n<p class=\"s9\" style=\"text-align: center;\">\n<p class=\"s9\" style=\"text-align: center;\">\n<p style=\"text-align: center;\">\n<p class=\"s10\" style=\"text-align: center;\"><span class=\"s8\"><span class=\"bumpedFont17\">Juiz <\/span><\/span><span class=\"s8\"><span class=\"bumpedFont17\">de Fora, 15 <\/span><\/span><a name=\"_GoBack\"><\/a><span class=\"s8\"><span class=\"bumpedFont17\">de agosto de 2024<\/span><\/span><span class=\"s8\"><span class=\"bumpedFont17\">.<\/span><\/span><\/p>\n<p class=\"s10\" style=\"text-align: center;\">\n<p class=\"s9\" style=\"text-align: center;\"><span class=\"s8\"><span class=\"bumpedFont17\">\u00a0 \u00a0 \u00a0 \u00a0 \u00a0 \u00a0 \u00a0 \u00a0 \u00a0 \u00a0 \u00a0 \u00a0 \u00a0 \u00a0 \u00a0 <\/span><\/span><\/p>\n<p class=\"s3\" style=\"text-align: center;\"><span class=\"s2\"><span class=\"bumpedFont17\">JO\u00c3O CESAR DA SILVA<\/span><\/span><\/p>\n<p class=\"s3\" style=\"text-align: center;\"><span class=\"s8\"><span class=\"bumpedFont17\">PRESIDENTE DO STIM-JF E REGI\u00c3O<\/span><\/span><\/p>\n<p style=\"text-align: center;\">\n<p style=\"text-align: center;\">\n","protected":false},"excerpt":{"rendered":"<p>O Sindicato dos Trabalhadores nas Ind\u00fastrias Metal\u00fargicas, Mec\u00e2nicas, Material El\u00e9trico, Siderurgia e Fundi\u00e7\u00e3o, Montadora de ve\u00edculos, Auto Pe\u00e7as, Repara\u00e7\u00e3o de Ve\u00edculos e Acess\u00f3rios de Juiz de Fora, Matias Barbosa, Rio Novo, Rio Pomba, Santos Dumont, S\u00e3o Jo\u00e3o Nepomuceno, Bicas e Ewbanck da C\u00e2mara \u2013 MG, convocam todos os trabalhadores de sua base territorial, associados ou [&hellip;]<\/p>\n","protected":false},"author":246,"featured_media":0,"comment_status":"closed","ping_status":"closed","sticky":false,"template":"","format":"standard","meta":{"footnotes":""},"categories":[307],"tags":[],"class_list":["post-224159","post","type-post","status-publish","format-standard","hentry","category-editais"],"_links":{"self":[{"href":"https:\/\/diarioregionaldigital.com.br\/index.php?rest_route=\/wp\/v2\/posts\/224159","targetHints":{"allow":["GET"]}}],"collection":[{"href":"https:\/\/diarioregionaldigital.com.br\/index.php?rest_route=\/wp\/v2\/posts"}],"about":[{"href":"https:\/\/diarioregionaldigital.com.br\/index.php?rest_route=\/wp\/v2\/types\/post"}],"author":[{"embeddable":true,"href":"https:\/\/diarioregionaldigital.com.br\/index.php?rest_route=\/wp\/v2\/users\/246"}],"replies":[{"embeddable":true,"href":"https:\/\/diarioregionaldigital.com.br\/index.php?rest_route=%2Fwp%2Fv2%2Fcomments&post=224159"}],"version-history":[{"count":1,"href":"https:\/\/diarioregionaldigital.com.br\/index.php?rest_route=\/wp\/v2\/posts\/224159\/revisions"}],"predecessor-version":[{"id":224160,"href":"https:\/\/diarioregionaldigital.com.br\/index.php?rest_route=\/wp\/v2\/posts\/224159\/revisions\/224160"}],"wp:attachment":[{"href":"https:\/\/diarioregionaldigital.com.br\/index.php?rest_route=%2Fwp%2Fv2%2Fmedia&parent=224159"}],"wp:term":[{"taxonomy":"category","embeddable":true,"href":"https:\/\/diarioregionaldigital.com.br\/index.php?rest_route=%2Fwp%2Fv2%2Fcategories&post=224159"},{"taxonomy":"post_tag","embeddable":true,"href":"https:\/\/diarioregionaldigital.com.br\/index.php?rest_route=%2Fwp%2Fv2%2Ftags&post=224159"}],"curies":[{"name":"wp","href":"https:\/\/api.w.org\/{rel}","templated":true}]}}