{"id":224156,"date":"2024-08-14T21:11:49","date_gmt":"2024-08-15T00:11:49","guid":{"rendered":"https:\/\/diarioregionaldigital.com.br\/?p=224156"},"modified":"2024-08-14T21:11:49","modified_gmt":"2024-08-15T00:11:49","slug":"coleta-seletiva-na-praca-acontece-na-praca-da-estacao-nesta-quinta-15","status":"publish","type":"post","link":"https:\/\/diarioregionaldigital.com.br\/?p=224156","title":{"rendered":"Coleta Seletiva na Pra\u00e7a acontece na Pra\u00e7a da Esta\u00e7\u00e3o nesta quinta, 15"},"content":{"rendered":"<p>Segundo informa\u00e7\u00f5es do site da Prefeitura de Juiz de Fora (PJF), nesta quinta-feira, 15, acontece a Coleta Seletiva na Pra\u00e7a. Das 9h \u00e0s 17h, na Pra\u00e7a da Esta\u00e7\u00e3o, ser\u00e3o recolhidos materiais s\u00f3lidos recicl\u00e1veis, como papel, pl\u00e1stico, vidro, metal, eletr\u00f4nicos, al\u00e9m de \u00f3leo de cozinha usado.<\/p>\n<p><strong>Confira exemplos do que pode ser descartado:\u00a0<\/strong><\/p>\n<p>&#8211; Papel: folhas de papel, jornal, revista, papel\u00e3o, cartolina, embalagem Tetra Pak (caixinha de leite).<\/p>\n<p>&#8211; Pl\u00e1stico: isopor, potes e tampas, garrafas pl\u00e1sticas, garrafas PET, frascos de material de limpeza, frascos de produtos de higiene e beleza, brinquedos, baldes, material em PVC.<\/p>\n<p>&#8211; Vidro: copos, garrafas, embalagens de molho e potes de vidro.<\/p>\n<p>&#8211; Metal: latinhas de alum\u00ednio, latas de a\u00e7o (de \u00f3leo, de molho de tomate, de sardinha\u2026), ferragens, esquadrias, arames.<\/p>\n<p>&#8211; Eletr\u00f4nico: cabos, pilhas, l\u00e2mpada de led, televisores, carregadores, baterias, aparelhos celulares, CDs.<\/p>\n<p>&#8211; \u00d3leo de cozinha: ser\u00e1 disponibilizado um espa\u00e7o para o descarte do \u00f3leo usado.<\/p>\n<p><strong>Orienta\u00e7\u00f5es para descarte do material:\u00a0<\/strong><\/p>\n<p>&#8211; \u00c9 recomend\u00e1vel limpar embalagens de pl\u00e1stico e isopor que estejam com restos de comida, como marmitex e caixas de leite.<\/p>\n<p>&#8211; A melhor op\u00e7\u00e3o para descarte do \u00f3leo de cozinha \u00e9 na garrafa PET bem fechada, para evitar vazamentos.<\/p>\n<p>&#8211; Se o vidro estiver inteiro, n\u00e3o precisa embal\u00e1-lo para descarte. Se estiver quebrado, leve-o dentro de uma garrafa PET ou caixa de papel\u00e3o.<\/p>\n","protected":false},"excerpt":{"rendered":"<p>Segundo informa\u00e7\u00f5es do site da Prefeitura de Juiz de Fora (PJF), nesta quinta-feira, 15, acontece a Coleta Seletiva na Pra\u00e7a. Das 9h \u00e0s 17h, na Pra\u00e7a da Esta\u00e7\u00e3o, ser\u00e3o recolhidos materiais s\u00f3lidos recicl\u00e1veis, como papel, pl\u00e1stico, vidro, metal, eletr\u00f4nicos, al\u00e9m de \u00f3leo de cozinha usado. Confira exemplos do que pode ser descartado:\u00a0 &#8211; Papel: folhas [&hellip;]<\/p>\n","protected":false},"author":246,"featured_media":224157,"comment_status":"closed","ping_status":"closed","sticky":false,"template":"","format":"standard","meta":{"footnotes":""},"categories":[253,436,439],"tags":[],"class_list":["post-224156","post","type-post","status-publish","format-standard","has-post-thumbnail","hentry","category-cidade","category-destaque-da-semana","category-ultima-hora"],"_links":{"self":[{"href":"https:\/\/diarioregionaldigital.com.br\/index.php?rest_route=\/wp\/v2\/posts\/224156","targetHints":{"allow":["GET"]}}],"collection":[{"href":"https:\/\/diarioregionaldigital.com.br\/index.php?rest_route=\/wp\/v2\/posts"}],"about":[{"href":"https:\/\/diarioregionaldigital.com.br\/index.php?rest_route=\/wp\/v2\/types\/post"}],"author":[{"embeddable":true,"href":"https:\/\/diarioregionaldigital.com.br\/index.php?rest_route=\/wp\/v2\/users\/246"}],"replies":[{"embeddable":true,"href":"https:\/\/diarioregionaldigital.com.br\/index.php?rest_route=%2Fwp%2Fv2%2Fcomments&post=224156"}],"version-history":[{"count":1,"href":"https:\/\/diarioregionaldigital.com.br\/index.php?rest_route=\/wp\/v2\/posts\/224156\/revisions"}],"predecessor-version":[{"id":224158,"href":"https:\/\/diarioregionaldigital.com.br\/index.php?rest_route=\/wp\/v2\/posts\/224156\/revisions\/224158"}],"wp:featuredmedia":[{"embeddable":true,"href":"https:\/\/diarioregionaldigital.com.br\/index.php?rest_route=\/wp\/v2\/media\/224157"}],"wp:attachment":[{"href":"https:\/\/diarioregionaldigital.com.br\/index.php?rest_route=%2Fwp%2Fv2%2Fmedia&parent=224156"}],"wp:term":[{"taxonomy":"category","embeddable":true,"href":"https:\/\/diarioregionaldigital.com.br\/index.php?rest_route=%2Fwp%2Fv2%2Fcategories&post=224156"},{"taxonomy":"post_tag","embeddable":true,"href":"https:\/\/diarioregionaldigital.com.br\/index.php?rest_route=%2Fwp%2Fv2%2Ftags&post=224156"}],"curies":[{"name":"wp","href":"https:\/\/api.w.org\/{rel}","templated":true}]}}