{"id":224153,"date":"2024-08-14T21:09:04","date_gmt":"2024-08-15T00:09:04","guid":{"rendered":"https:\/\/diarioregionaldigital.com.br\/?p=224153"},"modified":"2024-08-14T21:09:04","modified_gmt":"2024-08-15T00:09:04","slug":"sorteio-da-nota-fiscal-premiada-do-dia-dos-pais-sera-realizado-nesta-quinta-15","status":"publish","type":"post","link":"https:\/\/diarioregionaldigital.com.br\/?p=224153","title":{"rendered":"Sorteio da Nota Fiscal Premiada do Dia dos Pais ser\u00e1 realizado nesta quinta, 15"},"content":{"rendered":"<p>Segundo informa\u00e7\u00f5es do site da Prefeitura de Juiz de Fora (PJF), conforme a lei 14.690 de 06 de setembro de 2023, que disp\u00f5e sobre a realiza\u00e7\u00e3o do Programa Nota Premiada, a Prefeitura de Juiz de Fora (PJF) realiza nesta quinta-feira,15, o sorteio da Nota Fiscal Premiada do Dia dos Pais. Ser\u00e3o R$ 293 mil sorteados no total, sendo\u00a0 263 pr\u00eamios de R$ 1 mil e um de R$ 30 mil.<\/p>\n<p>A Nota Fiscal Premiada \u00e9 servi\u00e7o recorrente da PJF que garante compensa\u00e7\u00f5es \u00e0queles que solicitam o CPF na nota fiscal dos servi\u00e7os que compram, como exemplo, no mec\u00e2nico, sal\u00e3o de cabeleireiro e manicure, petshop, dentre outros.<\/p>\n<p>Para participar basta acessar o<a href=\"https:\/\/nfse.pjf.mg.gov.br\/IncentivoFiscalHome\">\u00a0link Nota Fiscal Premiada<\/a>\u00a0e realizar o cadastro pessoal e solicitar CPF na nota cada vez que receber um servi\u00e7o prestado. \u00c9 atrav\u00e9s do cadastro que ser\u00e1 poss\u00edvel entrar em contato com os sorteados, por isso, as informa\u00e7\u00f5es precisam estar corretas com nome e telefone v\u00e1lidos.<\/p>\n<p>Para ter acesso aos seus cupons, acesse o\u00a0<a href=\"https:\/\/nfse.pjf.mg.gov.br\/IncentivoFiscalHome\">site da nota<\/a>\u00a0e v\u00e1 na aba cupons. Se algum prestador de servi\u00e7o emitir sua nota, ela aparecer\u00e1 e ser\u00e1 um cupom para o sorteio. A divulga\u00e7\u00e3o dos cupons gerados para concorrer a cada sorteio ser\u00e1 realizada cinco dias antes de cada sorteio. Se um copom n\u00e3o estiver dispon\u00edvel, tamb\u00e9m \u00e9 poss\u00edvel solicit\u00e1-lo dentro do sistema.<\/p>\n<p><strong>Recibos de Profissionais Aut\u00f4nomos (RPA-e)<\/strong><\/p>\n<p>Tamb\u00e9m geram direito ao cupom para os sorteios os Recibos de Profissionais Aut\u00f4nomos (RPA-e), como os emitidos pelos advogados, dentistas, nutricionistas, veterin\u00e1rios, m\u00e9dicos, dentre outros, desde que conste o CPF no documento. Os modelos de documentos fiscais, nota fiscal eletr\u00f4nica e recibo de profissional aut\u00f4nomo est\u00e3o dispon\u00edveis para consulta no site do programa.<\/p>\n","protected":false},"excerpt":{"rendered":"<p>Segundo informa\u00e7\u00f5es do site da Prefeitura de Juiz de Fora (PJF), conforme a lei 14.690 de 06 de setembro de 2023, que disp\u00f5e sobre a realiza\u00e7\u00e3o do Programa Nota Premiada, a Prefeitura de Juiz de Fora (PJF) realiza nesta quinta-feira,15, o sorteio da Nota Fiscal Premiada do Dia dos Pais. Ser\u00e3o R$ 293 mil sorteados [&hellip;]<\/p>\n","protected":false},"author":246,"featured_media":224154,"comment_status":"closed","ping_status":"closed","sticky":false,"template":"","format":"standard","meta":{"footnotes":""},"categories":[253,436,440,439],"tags":[],"class_list":["post-224153","post","type-post","status-publish","format-standard","has-post-thumbnail","hentry","category-cidade","category-destaque-da-semana","category-destaques-do-dia","category-ultima-hora"],"_links":{"self":[{"href":"https:\/\/diarioregionaldigital.com.br\/index.php?rest_route=\/wp\/v2\/posts\/224153","targetHints":{"allow":["GET"]}}],"collection":[{"href":"https:\/\/diarioregionaldigital.com.br\/index.php?rest_route=\/wp\/v2\/posts"}],"about":[{"href":"https:\/\/diarioregionaldigital.com.br\/index.php?rest_route=\/wp\/v2\/types\/post"}],"author":[{"embeddable":true,"href":"https:\/\/diarioregionaldigital.com.br\/index.php?rest_route=\/wp\/v2\/users\/246"}],"replies":[{"embeddable":true,"href":"https:\/\/diarioregionaldigital.com.br\/index.php?rest_route=%2Fwp%2Fv2%2Fcomments&post=224153"}],"version-history":[{"count":1,"href":"https:\/\/diarioregionaldigital.com.br\/index.php?rest_route=\/wp\/v2\/posts\/224153\/revisions"}],"predecessor-version":[{"id":224155,"href":"https:\/\/diarioregionaldigital.com.br\/index.php?rest_route=\/wp\/v2\/posts\/224153\/revisions\/224155"}],"wp:featuredmedia":[{"embeddable":true,"href":"https:\/\/diarioregionaldigital.com.br\/index.php?rest_route=\/wp\/v2\/media\/224154"}],"wp:attachment":[{"href":"https:\/\/diarioregionaldigital.com.br\/index.php?rest_route=%2Fwp%2Fv2%2Fmedia&parent=224153"}],"wp:term":[{"taxonomy":"category","embeddable":true,"href":"https:\/\/diarioregionaldigital.com.br\/index.php?rest_route=%2Fwp%2Fv2%2Fcategories&post=224153"},{"taxonomy":"post_tag","embeddable":true,"href":"https:\/\/diarioregionaldigital.com.br\/index.php?rest_route=%2Fwp%2Fv2%2Ftags&post=224153"}],"curies":[{"name":"wp","href":"https:\/\/api.w.org\/{rel}","templated":true}]}}