{"id":224147,"date":"2024-08-14T20:47:09","date_gmt":"2024-08-14T23:47:09","guid":{"rendered":"https:\/\/diarioregionaldigital.com.br\/?p=224147"},"modified":"2024-08-14T20:47:09","modified_gmt":"2024-08-14T23:47:09","slug":"governo-de-minas-anuncia-acoes-para-o-carnaval-da-liberdade-2025","status":"publish","type":"post","link":"https:\/\/diarioregionaldigital.com.br\/?p=224147","title":{"rendered":"Governo de Minas anuncia a\u00e7\u00f5es para o Carnaval da Liberdade 2025"},"content":{"rendered":"<p>A fim de refor\u00e7ar o Carnaval como pol\u00edtica p\u00fablica de estado, o\u00a0<a href=\"https:\/\/www.mg.gov.br\/\" target=\"_blank\" rel=\"noopener\">Governo de Minas<\/a>, por meio da\u00a0<a href=\"https:\/\/www.secult.mg.gov.br\/\" target=\"_blank\" rel=\"noopener\">Secretaria de Estado de Cultura e Turismo (Secult)<\/a>, anunciou, nesta quarta-feira (14\/8), no Pal\u00e1cio da Liberdade, iniciativas para o Carnaval da Liberdade 2025.<\/p>\n<p>Entre as principais novidades est\u00e1 o lan\u00e7amento de um edital in\u00e9dito para o pr\u00e9-Carnaval, no valor de R$ 4 milh\u00f5es, destinado a a\u00e7\u00f5es de forma\u00e7\u00e3o, como cursos e oficinas para qualificar ainda mais a folia mineira. O projeto \u00e9 realizado em parceria com a\u00a0<a href=\"https:\/\/www.cemig.com.br\/\" target=\"_blank\" rel=\"noopener\">Cemig<\/a>,\u00a0<a href=\"http:\/\/www.codemge.com.br\/\" target=\"_blank\" rel=\"noopener\">Companhia de Desenvolvimento de Minas Gerais (Codemge)<\/a>, C\u00e2mara de Dirigentes Lojistas de Belo Horizonte (CDL-BH) e o Servi\u00e7o Brasileiro de Apoio \u00e0s Micro e Pequenas Empresas (Sebrae).<\/p>\n<figure class=\"image\"><img decoding=\"async\" src=\"https:\/\/www.agenciaminas.mg.gov.br\/ckeditor_assets\/pictures\/21498\/content_whatsapp_image_2024-08-14_at_16_51_55_1.jpeg\" alt=\"\" \/><figcaption><sub><em>Leo Bicalho \/ Secult<\/em><\/sub><\/figcaption><\/figure>\n<p>&#8220;Estamos fazendo um investimento in\u00e9dito para o Carnaval de Belo Horizonte e de Minas Gerais. Pela primeira vez, teremos recursos destinados especialmente para a prepara\u00e7\u00e3o do evento. Isso d\u00e1 previsibilidade, seguran\u00e7a e eleva o n\u00edvel de profissionaliza\u00e7\u00e3o do Carnaval como um todo. Significa que os blocos e as atra\u00e7\u00f5es carnavalescas v\u00e3o poder investir em cursos, oficinas, atividades culturais e ensaios&#8221;,\u00a0destacou a secret\u00e1ria adjunta de Estado de Comunica\u00e7\u00e3o Social, B\u00e1rbara Botega.<\/p>\n<p>&#8220;Desta maneira, nosso Carnaval segue crescendo em beleza e atrativos para o p\u00fablico e os profissionais envolvidos em toda essa ind\u00fastria que funciona muito al\u00e9m dos cinco dias do evento, s\u00e3o melhor reconhecidos e valorizados&#8221;, avalia.<\/p>\n<p>Nesse sentido, os projetos contemplados dever\u00e3o obedecer a crit\u00e9rios espec\u00edficos, ainda a serem divulgados, incluindo \u00a0a\u00e7\u00f5es que prevejam o acesso ao maior n\u00famero de pessoas. &#8220;A Cemig investir\u00e1 R$ 4 milh\u00f5es\u00a0por meio da lei estadual de incentivo \u00e0 cultura para fomentar neg\u00f3cios ligados ao Carnaval, e \u00e9 importante que sejam a\u00e7\u00f5es que cheguem ao p\u00fablico a pre\u00e7os populares ou gratuitos, sendo ligadas tanto ao Carnaval quanto \u00e0 mineiridade\u201d, explicou o gerente de Marketing Digital, Lucas Souto.<\/p>\n<p>O edital, j\u00e1 dispon\u00edvel no site da empresa p\u00fablica, vai destinar o total de R$ 4 milh\u00f5es a projetos a serem realizados nas cidades mineiras, como ensaios abertos, forma\u00e7\u00f5es e oficinas, no per\u00edodo anterior \u00e0 folia do pr\u00f3ximo ano. As inscri\u00e7\u00f5es come\u00e7ar\u00e3o na pr\u00f3xima segunda-feira (19\/8) e seguem at\u00e9 as 23h59 do dia 10\/10\/2024.<\/p>\n<p>\u201cA Cemig investir\u00e1 R$ 4 milh\u00f5es por meio da Lei Estadual de Incentivo \u00e0 Cultura (Leic) para fomentar neg\u00f3cios ligados ao Carnaval, e \u00e9 importante que sejam a\u00e7\u00f5es que cheguem ao p\u00fablico a pre\u00e7os populares ou gratuitos, sendo ligadas tanto ao Carnaval quanto \u00e0 mineiridade\u201d, explicou o gerente de Marketing Digital, Lucas Souto.<\/p>\n<p>J\u00e1 entre os dias 16 e 17\/8, mais a\u00e7\u00f5es de promo\u00e7\u00e3o do Carnaval da Liberdade 2025 est\u00e3o previstas para acontecer na segunda edi\u00e7\u00e3o da Travel Next Minas, sediada no Expominas, na capital.<\/p>\n<p>Representantes de blocos, ligas e escolas de samba de Minas Gerais, por exemplo, participar\u00e3o do evento, que re\u00fane operadores e agentes de viagens de todo o pa\u00eds e do exterior.<\/p>\n<p>Essa iniciativa contribui para aumentar oportunidades de neg\u00f3cios e ampliar a visibilidade da cultura, da arte, do trabalho e da criatividade que tem tornado a folia mineira uma das maiores do pa\u00eds.<\/p>\n<figure class=\"image\"><img decoding=\"async\" src=\"https:\/\/www.agenciaminas.mg.gov.br\/ckeditor_assets\/pictures\/21499\/content_whatsapp_image_2024-08-14_at_16_56_11.jpeg\" alt=\"\" \/><figcaption><sub><em>Leo Bicalho \/ Secult<\/em><\/sub><\/figcaption><\/figure>\n<p>\u201cA Travel Next Minas \u00e9 uma feira internacional e n\u00f3s teremos a\u00e7\u00f5es em diferentes espa\u00e7os no evento, como o estande de Minas Gerais, o Audit\u00f3rio Mineiridade, o Palco da Liberdade e a feira Meu Neg\u00f3cio \u00c9 Carnaval\u201d, disse a \u00a0subsecret\u00e1ria de Turismo, Patr\u00edcia Moreira.<\/p>\n<p>\u201cN\u00f3s vamos promover o Carnaval da Liberdade, mas tamb\u00e9m o Carnaval da Tranquilidade e o Carnaval nas Cidades Hist\u00f3ricas. Essa \u00e9 uma forma de fomentar a cultura, o turismo e os neg\u00f3cios aqui no nosso estado, o que contribui para trazer mais turistas para Minas Gerais\u201d, ressaltou.<\/p>\n<p>Em 2023, por exemplo, os 300 expositores que estiveram na Travel Next Minas projetaram uma movimenta\u00e7\u00e3o de cerca de R$ 40 milh\u00f5es.<\/p>\n<p>A feira de turismo tamb\u00e9m reuniu mais de 3 mil pessoas, incluindo caravanas organizadas de 17 estados brasileiros. A expectativa para este ano \u00e9 ainda maior com a participa\u00e7\u00e3o de at\u00e9 5 mil pessoas e 600 marcas envolvidas.<\/p>\n<p>No ano passado, cerca de 63% dos visitantes da Travel Next Minas relataram comercializar produtos tur\u00edsticos mineiros, o que ressalta a import\u00e2ncia das rodadas de neg\u00f3cios e do fortalecimento do Carnaval mineiro enquanto produto tur\u00edstico.<\/p>\n<p><strong>Programa\u00e7\u00e3o<\/strong><\/p>\n<p>Nesses dois dias, haver\u00e1 atividades organizadas pela Secult em parceria com as Inst\u00e2ncias de Governan\u00e7a Regionais (IGRs) e com o Sebrae em diferentes espa\u00e7os: o estande de Minas Gerais, o Audit\u00f3rio Mineiridade, o Palco da Liberdade e a Feira Meu Neg\u00f3cio \u00c9 Carnaval.<\/p>\n<p>Essa \u00faltima estar\u00e1 montada logo na entrada do pavilh\u00e3o de exposi\u00e7\u00f5es para apresentar a magia e a diversidade dos blocos e escolas de samba mineiros aos visitantes.<\/p>\n<p>No estande de Minas Gerais, haver\u00e1 tamb\u00e9m destaque para a cozinha mineira e para as rotas tur\u00edsticas, que convidam as pessoas a experimentarem o contato com a natureza, a hist\u00f3ria e a cultura mineira, por diversas vias, incluindo o cicloturismo.<\/p>\n<p>Os queijos, a cacha\u00e7a mineira, os vinhos e os caf\u00e9s ser\u00e3o apresentados junto com os sabores do tradicional p\u00e3o de queijo e do rocambole de Lagoa Dourada, reconhecida como a capital nacional do rocambole em 2023.<\/p>\n<p><strong>Palco da Liberdade<\/strong><\/p>\n<p>Os chefs Sinval Espirito Santo, Marlon S\u00e9rgio, Marcelo Haddad, Valdelicia Coimbra e Mariana Corr\u00eaa realizar\u00e3o no Palco da Liberdade uma s\u00e9rie de apresenta\u00e7\u00f5es com degusta\u00e7\u00e3o, ressaltando a tradi\u00e7\u00e3o e a contemporaneidade da cozinha mineira.<\/p>\n<p>Enquanto Sinval Espirito Santo apresentar\u00e1 o \u201cMilhoN\u00e1rio\u201d, que se baseia numa farofa de milho salteado na manteiga de garrafa, com farinha de milho torrado e lingui\u00e7a \u201catropelada\u201d no melado, Marlon S\u00e9rgio servir\u00e1 uma costeleta defumada glaceada com molho teriyaki de jabuticaba, sobre polenta de milho verde, servida com chips de mandioca, farofa crocante de bacon, panco, ora-pro-nobis e queijo coalho.<\/p>\n<p>J\u00e1 Marcelo Haddad vai preparar uma carne de lata servida com angu cremoso e vinagrete de mam\u00e3o verde e Valdelicia Coimbra mostrar\u00e1 o prato \u201cBai\u00e3o de Minas\u201d, com arroz, feij\u00e3o fradinho, costelinha assada, queijo canastra, farofa de milho tostado e couve. Por fim, Mariana Corr\u00eaa levar\u00e1 ao p\u00fablico sua broa cremosa de fub\u00e1 com queijo minas.<\/p>\n<p><strong>Capacita\u00e7\u00f5es e rodadas de neg\u00f3cios<\/strong><\/p>\n<p>No Audit\u00f3rio Mineiridade, haver\u00e1 quatro a\u00e7\u00f5es. No dia 16\/8, a partir das 14h50, est\u00e1 prevista a apresenta\u00e7\u00e3o da Rota Caminhos Franciscanos e, em seguida, da Cordilheira do Espinha\u00e7o, um grande destino do turismo de natureza no Brasil.<\/p>\n<p>J\u00e1 em 17\/8, no mesmo hor\u00e1rio, os destaques s\u00e3o para as Grutas e o Mar de Minas. Na sequ\u00eancia, a Rota do Queijo Terroir Vertentes, que abrange produtores no entorno de Tiradentes e S\u00e3o Jo\u00e3o del-Rei, ser\u00e1 detalhada aos participantes.<\/p>\n<p>O Sebrae tamb\u00e9m oferecer\u00e1 durante o evento uma s\u00e9rie de capacita\u00e7\u00f5es e uma rodada de neg\u00f3cios dentro da feira Meu Neg\u00f3cio \u00c9 Carnaval.<\/p>\n<p>O objetivo \u00e9 fortalecer uma maior profissionaliza\u00e7\u00e3o dos diversos agentes envolvidos na folia mineira, o que impulsiona a gera\u00e7\u00e3o de emprego e renda.<\/p>\n<p>\u201cO objetivo \u00e9 fazer com que com que os blocos e escolas de samba possam buscar novos neg\u00f3cios, n\u00e3o s\u00f3 o Carnaval em si, mas durante o ano todo. Dessa forma, eles conseguem obter uma sustentabilidade e uma gest\u00e3o eficiente dos seus trabalhos\u201d, pontuou o presidente da CDL-BH e do Conselho Deliberativo do Sebrae Minas, Marcelo de Souza e Silva.<\/p>\n<p>Na mesma data, a partir das 14h, Leopoldo N\u00f3brega, representante do bloco Galo da Madrugada, um dos mais tradicionais de Recife, realizar\u00e1 uma palestra. E, a partir das 17h, a pesquisadora e escritora Martha Gabriel promover\u00e1 um bate-papo a partir do tema \u201cPessoas criativas, empresas inovadoras\u201d.<\/p>\n<p>Fonte: Ag\u00eancia Minas<\/p>\n","protected":false},"excerpt":{"rendered":"<p>A fim de refor\u00e7ar o Carnaval como pol\u00edtica p\u00fablica de estado, o\u00a0Governo de Minas, por meio da\u00a0Secretaria de Estado de Cultura e Turismo (Secult), anunciou, nesta quarta-feira (14\/8), no Pal\u00e1cio da Liberdade, iniciativas para o Carnaval da Liberdade 2025. Entre as principais novidades est\u00e1 o lan\u00e7amento de um edital in\u00e9dito para o pr\u00e9-Carnaval, no valor [&hellip;]<\/p>\n","protected":false},"author":246,"featured_media":224148,"comment_status":"closed","ping_status":"closed","sticky":false,"template":"","format":"standard","meta":{"footnotes":""},"categories":[436,254,252,439],"tags":[],"class_list":["post-224147","post","type-post","status-publish","format-standard","has-post-thumbnail","hentry","category-destaque-da-semana","category-politica","category-regiao","category-ultima-hora"],"_links":{"self":[{"href":"https:\/\/diarioregionaldigital.com.br\/index.php?rest_route=\/wp\/v2\/posts\/224147","targetHints":{"allow":["GET"]}}],"collection":[{"href":"https:\/\/diarioregionaldigital.com.br\/index.php?rest_route=\/wp\/v2\/posts"}],"about":[{"href":"https:\/\/diarioregionaldigital.com.br\/index.php?rest_route=\/wp\/v2\/types\/post"}],"author":[{"embeddable":true,"href":"https:\/\/diarioregionaldigital.com.br\/index.php?rest_route=\/wp\/v2\/users\/246"}],"replies":[{"embeddable":true,"href":"https:\/\/diarioregionaldigital.com.br\/index.php?rest_route=%2Fwp%2Fv2%2Fcomments&post=224147"}],"version-history":[{"count":1,"href":"https:\/\/diarioregionaldigital.com.br\/index.php?rest_route=\/wp\/v2\/posts\/224147\/revisions"}],"predecessor-version":[{"id":224149,"href":"https:\/\/diarioregionaldigital.com.br\/index.php?rest_route=\/wp\/v2\/posts\/224147\/revisions\/224149"}],"wp:featuredmedia":[{"embeddable":true,"href":"https:\/\/diarioregionaldigital.com.br\/index.php?rest_route=\/wp\/v2\/media\/224148"}],"wp:attachment":[{"href":"https:\/\/diarioregionaldigital.com.br\/index.php?rest_route=%2Fwp%2Fv2%2Fmedia&parent=224147"}],"wp:term":[{"taxonomy":"category","embeddable":true,"href":"https:\/\/diarioregionaldigital.com.br\/index.php?rest_route=%2Fwp%2Fv2%2Fcategories&post=224147"},{"taxonomy":"post_tag","embeddable":true,"href":"https:\/\/diarioregionaldigital.com.br\/index.php?rest_route=%2Fwp%2Fv2%2Ftags&post=224147"}],"curies":[{"name":"wp","href":"https:\/\/api.w.org\/{rel}","templated":true}]}}