{"id":224144,"date":"2024-08-14T20:45:14","date_gmt":"2024-08-14T23:45:14","guid":{"rendered":"https:\/\/diarioregionaldigital.com.br\/?p=224144"},"modified":"2024-08-14T20:45:14","modified_gmt":"2024-08-14T23:45:14","slug":"governo-de-minas-publica-edital-para-conjunto-de-obras-rodoviarias-em-brumadinho-e-regiao","status":"publish","type":"post","link":"https:\/\/diarioregionaldigital.com.br\/?p=224144","title":{"rendered":"Governo de Minas publica edital para conjunto de obras rodovi\u00e1rias em Brumadinho e regi\u00e3o"},"content":{"rendered":"<p>O\u00a0<a href=\"https:\/\/www.mg.gov.br\/\" target=\"_blank\" rel=\"noopener\">Governo de Minas<\/a>, por meio do\u00a0<a href=\"https:\/\/www.der.mg.gov.br\/\" target=\"_blank\" rel=\"noopener\">Departamento de Estradas de Rodagem do Estado de Minas Gerais (DER-MG)<\/a>, publicou, nesta quarta-feira (14\/8), o edital de licita\u00e7\u00e3o para contrata\u00e7\u00e3o de empresa para a elabora\u00e7\u00e3o de projeto de engenharia rodovi\u00e1ria de um conjunto de obras em Brumadinho e regi\u00e3o.<\/p>\n<p>Anunciado na \u00faltima segunda-feira (12\/8) pelo governador Romeu Zema, o investimento total est\u00e1 estimado em R$ 350 milh\u00f5es, destinados para a realiza\u00e7\u00e3o do projeto e execu\u00e7\u00e3o das melhorias na infraestrutura vi\u00e1ria.<\/p>\n<p>S\u00e3o contemplados no edital n\u00ba: 2301520 000013\/2024 as obras de recupera\u00e7\u00e3o e posterior duplica\u00e7\u00e3o da estrada que liga Brumadinho \u00e0 BR-381 (Rodovia Fern\u00e3o Dias), que beneficiam, diretamente, al\u00e9m de Brumadinho, os munic\u00edpios de M\u00e1rio Campos e Sarzedo, o que contabiliza mais de 100 mil habitantes.<\/p>\n<p>Dividido em etapas, a primeira envolve a publica\u00e7\u00e3o de edital para elabora\u00e7\u00e3o do projeto de engenharia para duplica\u00e7\u00e3o de trecho entre Brumadinho e a Fern\u00e3o Dias, que definir\u00e1 o melhor tra\u00e7ado a ser adotado.<\/p>\n<p>A segunda etapa prev\u00ea obras de recupera\u00e7\u00e3o do antigo pavimento e inclus\u00e3o de mais faixas de tr\u00e1fego na MG-155, com licita\u00e7\u00e3o prevista para o segundo semestre de 2024. O in\u00edcio das obras ser\u00e1 em 2025.<\/p>\n<p>A terceira etapa prev\u00ea as obras de duplica\u00e7\u00e3o em si, ligando Brumadinho \u00e0 BR-381, cujo melhor tra\u00e7ado ser\u00e1 definido no projeto de engenharia. Estas obras t\u00eam previs\u00e3o de in\u00edcio em 2026.<\/p>\n<p>As melhorias no trecho ir\u00e3o favorecer a mobilidade na regi\u00e3o, beneficiando a comunidade e incentivando o turismo. Al\u00e9m disso, as obras ir\u00e3o contribuir com o desenvolvimento do novo Distrito Industrial, atraindo empresas e facilitando o escoamento da produ\u00e7\u00e3o.<\/p>\n<p>Fonte: Ag\u00eancia Minas<\/p>\n","protected":false},"excerpt":{"rendered":"<p>O\u00a0Governo de Minas, por meio do\u00a0Departamento de Estradas de Rodagem do Estado de Minas Gerais (DER-MG), publicou, nesta quarta-feira (14\/8), o edital de licita\u00e7\u00e3o para contrata\u00e7\u00e3o de empresa para a elabora\u00e7\u00e3o de projeto de engenharia rodovi\u00e1ria de um conjunto de obras em Brumadinho e regi\u00e3o. Anunciado na \u00faltima segunda-feira (12\/8) pelo governador Romeu Zema, o [&hellip;]<\/p>\n","protected":false},"author":246,"featured_media":224145,"comment_status":"closed","ping_status":"closed","sticky":false,"template":"","format":"standard","meta":{"footnotes":""},"categories":[436,440,261,254,252,439],"tags":[],"class_list":["post-224144","post","type-post","status-publish","format-standard","has-post-thumbnail","hentry","category-destaque-da-semana","category-destaques-do-dia","category-economia","category-politica","category-regiao","category-ultima-hora"],"_links":{"self":[{"href":"https:\/\/diarioregionaldigital.com.br\/index.php?rest_route=\/wp\/v2\/posts\/224144","targetHints":{"allow":["GET"]}}],"collection":[{"href":"https:\/\/diarioregionaldigital.com.br\/index.php?rest_route=\/wp\/v2\/posts"}],"about":[{"href":"https:\/\/diarioregionaldigital.com.br\/index.php?rest_route=\/wp\/v2\/types\/post"}],"author":[{"embeddable":true,"href":"https:\/\/diarioregionaldigital.com.br\/index.php?rest_route=\/wp\/v2\/users\/246"}],"replies":[{"embeddable":true,"href":"https:\/\/diarioregionaldigital.com.br\/index.php?rest_route=%2Fwp%2Fv2%2Fcomments&post=224144"}],"version-history":[{"count":1,"href":"https:\/\/diarioregionaldigital.com.br\/index.php?rest_route=\/wp\/v2\/posts\/224144\/revisions"}],"predecessor-version":[{"id":224146,"href":"https:\/\/diarioregionaldigital.com.br\/index.php?rest_route=\/wp\/v2\/posts\/224144\/revisions\/224146"}],"wp:featuredmedia":[{"embeddable":true,"href":"https:\/\/diarioregionaldigital.com.br\/index.php?rest_route=\/wp\/v2\/media\/224145"}],"wp:attachment":[{"href":"https:\/\/diarioregionaldigital.com.br\/index.php?rest_route=%2Fwp%2Fv2%2Fmedia&parent=224144"}],"wp:term":[{"taxonomy":"category","embeddable":true,"href":"https:\/\/diarioregionaldigital.com.br\/index.php?rest_route=%2Fwp%2Fv2%2Fcategories&post=224144"},{"taxonomy":"post_tag","embeddable":true,"href":"https:\/\/diarioregionaldigital.com.br\/index.php?rest_route=%2Fwp%2Fv2%2Ftags&post=224144"}],"curies":[{"name":"wp","href":"https:\/\/api.w.org\/{rel}","templated":true}]}}