{"id":224141,"date":"2024-08-14T20:43:51","date_gmt":"2024-08-14T23:43:51","guid":{"rendered":"https:\/\/diarioregionaldigital.com.br\/?p=224141"},"modified":"2024-08-14T20:44:05","modified_gmt":"2024-08-14T23:44:05","slug":"governo-de-minas-apresenta-iniciativas-de-mineiras-para-as-areas-de-ciencia-tecnologia-e-inovacao-no-rio-innovation-week","status":"publish","type":"post","link":"https:\/\/diarioregionaldigital.com.br\/?p=224141","title":{"rendered":"Governo de Minas apresenta iniciativas de mineiras para as \u00e1reas de ci\u00eancia, tecnologia e inova\u00e7\u00e3o no Rio Innovation Week"},"content":{"rendered":"<p>O pacote de inova\u00e7\u00e3o de Minas Gerais\u00a0 foi o tema da apresenta\u00e7\u00e3o da\u00a0<a href=\"https:\/\/desenvolvimento.mg.gov.br\/\" target=\"_blank\" rel=\"noopener\">Secretaria de Estado de Desenvolvimento Econ\u00f4mico (Sede-MG)<\/a>, na edi\u00e7\u00e3o 2024 do Rio Innovation Week. O evento, considerado o maior de tecnologia e inova\u00e7\u00e3o da Am\u00e9rica Latina, est\u00e1 sendo realizado de 13 e 16\/8, este ano, no Rio de Janeiro.<\/p>\n<p>O secret\u00e1rio de Estado de Desenvolvimento Econ\u00f4mico, Fernando Passalio, participou do painel de abertura, onde foram debatidos temas como capital de risco e inova\u00e7\u00f5es abertas, e ministrou uma palestra sobre as iniciativas e oportunidades do\u00a0<a href=\"https:\/\/www.mg.gov.br\/\" target=\"_blank\" rel=\"noopener\">Governo de Minas<\/a>\u00a0para as \u00e1reas de ci\u00eancia, tecnologia e inova\u00e7\u00e3o (CT&amp;I).<\/p>\n<p>\u201cTemos investido cada vez mais nas \u00e1reas de CT&amp;I e estamos transformando Minas no melhor lugar para inovar. Sabemos que inova\u00e7\u00e3o \u00e9 o futuro do setor produtivo, e \u00e9 por meio de ideias e projetos tecnol\u00f3gicos que vamos alcan\u00e7ar solu\u00e7\u00f5es atrativas que v\u00e3o ao encontro do que o mercado tem buscado\u201d, destacou Passalio.<\/p>\n<p>O secret\u00e1rio enalteceu o sucesso dos programas do Estado, abordando resultados positivos e a capilaridade que essas a\u00e7\u00f5es t\u00eam conquistado Brasil afora.<\/p>\n<p><strong>Melhor lugar para inovar<\/strong><\/p>\n<p>Pelo segundo ano consecutivo, O Governo de Minas bateu novo recorde de execu\u00e7\u00e3o or\u00e7ament\u00e1ria em 2023, refor\u00e7ando o compromisso com o desenvolvimento das \u00e1reas de ci\u00eancia, tecnologia e inova\u00e7\u00e3o no estado.<\/p>\n<p>Por meio da Sede-MG e em parceria com a\u00a0<a href=\"http:\/\/www.fapemig.br\/pt\/\" target=\"_blank\" rel=\"noopener\">Funda\u00e7\u00e3o de Amparo \u00e0 Pesquisa do Estado de Minas Gerais (Fapemig)<\/a>, foram investidos mais de R$ 470 milh\u00f5es, no ano passado, oriundos do Tesouro do Estado. At\u00e9 2026, est\u00e3o previstos mais de R$ 1 bilh\u00e3o em investimentos para as \u00e1reas de CT&amp;I mineiras.<\/p>\n<p>Esses recursos impulsionam iniciativas como o Compete Minas, o HubMG GOV, o Pr\u00f3-Inova\u00e7\u00e3o, o Seed Gov, o Viv\u00eancia Universit\u00e1ria em Empreendedorismo e Inova\u00e7\u00e3o (Vuei) e o Pesquisador na Empresa.<\/p>\n<p>Estes programas englobam desde a forma\u00e7\u00e3o universit\u00e1ria at\u00e9 o setor produtivo, promovendo o desenvolvimento tecnol\u00f3gico e a competitividade no mercado, alinhada \u00e0 qualifica\u00e7\u00e3o dos profissionais mineiros, como demonstrou o subsecret\u00e1rio de Ci\u00eancia, Tecnologia e Inova\u00e7\u00e3o da Sede-MG, Lucas Mendes.<\/p>\n<p>\u201cTemos trabalhado para que boas ideias e bons projetos encontrem oportunidades que os fa\u00e7am escalar. Minas tem capacidade para sediar iniciativas e solu\u00e7\u00f5es que o mercado precisa e procura, e para isso \u00e9 necess\u00e1rio que o Poder P\u00fablico abra caminho para que essas sementes germinem\u201d, afirmou o subsecret\u00e1rio.<\/p>\n<p>Al\u00e9m do recurso p\u00fablico empenhado para impulsionar a inova\u00e7\u00e3o, Minas Gerais tem institui\u00e7\u00f5es de ensino superior que s\u00e3o refer\u00eancias mundiais, e conta com hubs de inova\u00e7\u00e3o tecnol\u00f3gica, como incubadoras, aceleradoras e parques tecnol\u00f3gicos, que proporcionam um ambiente f\u00e9rtil para o desenvolvimento de startups e projetos inovadores.<\/p>\n<p><strong>Rio Innovation Week<\/strong><\/p>\n<p>A maior confer\u00eancia continental de tecnologia e inova\u00e7\u00e3o, o Rio Innovation Week aborda temas relacionados \u00e0 inova\u00e7\u00e3o aberta e \u00e0s startups. Nesta quarta edi\u00e7\u00e3o, s\u00e3o mais de 350 expositores e a expectativa \u00e9 receber um p\u00fablico de 155 mil pessoas ao longo dos quatro dias de evento.<\/p>\n<p>Al\u00e9m dos pain\u00e9is e palestras, o Rio Innovation Week conta com uma grande Feira de Neg\u00f3cios e experi\u00eancias \u00fanicas, pautadas pela inova\u00e7\u00e3o e tecnologia. O evento promove um ambiente de oportunidades, neg\u00f3cios, experi\u00eancias e conte\u00fados pautados em equidade, inclus\u00e3o, diversidade e respeito.<\/p>\n<p>Fonte: Ag\u00eancia Minas<\/p>\n","protected":false},"excerpt":{"rendered":"<p>O pacote de inova\u00e7\u00e3o de Minas Gerais\u00a0 foi o tema da apresenta\u00e7\u00e3o da\u00a0Secretaria de Estado de Desenvolvimento Econ\u00f4mico (Sede-MG), na edi\u00e7\u00e3o 2024 do Rio Innovation Week. O evento, considerado o maior de tecnologia e inova\u00e7\u00e3o da Am\u00e9rica Latina, est\u00e1 sendo realizado de 13 e 16\/8, este ano, no Rio de Janeiro. O secret\u00e1rio de Estado [&hellip;]<\/p>\n","protected":false},"author":246,"featured_media":224142,"comment_status":"closed","ping_status":"closed","sticky":false,"template":"","format":"standard","meta":{"footnotes":""},"categories":[436,261,254,252,439],"tags":[],"class_list":["post-224141","post","type-post","status-publish","format-standard","has-post-thumbnail","hentry","category-destaque-da-semana","category-economia","category-politica","category-regiao","category-ultima-hora"],"_links":{"self":[{"href":"https:\/\/diarioregionaldigital.com.br\/index.php?rest_route=\/wp\/v2\/posts\/224141","targetHints":{"allow":["GET"]}}],"collection":[{"href":"https:\/\/diarioregionaldigital.com.br\/index.php?rest_route=\/wp\/v2\/posts"}],"about":[{"href":"https:\/\/diarioregionaldigital.com.br\/index.php?rest_route=\/wp\/v2\/types\/post"}],"author":[{"embeddable":true,"href":"https:\/\/diarioregionaldigital.com.br\/index.php?rest_route=\/wp\/v2\/users\/246"}],"replies":[{"embeddable":true,"href":"https:\/\/diarioregionaldigital.com.br\/index.php?rest_route=%2Fwp%2Fv2%2Fcomments&post=224141"}],"version-history":[{"count":1,"href":"https:\/\/diarioregionaldigital.com.br\/index.php?rest_route=\/wp\/v2\/posts\/224141\/revisions"}],"predecessor-version":[{"id":224143,"href":"https:\/\/diarioregionaldigital.com.br\/index.php?rest_route=\/wp\/v2\/posts\/224141\/revisions\/224143"}],"wp:featuredmedia":[{"embeddable":true,"href":"https:\/\/diarioregionaldigital.com.br\/index.php?rest_route=\/wp\/v2\/media\/224142"}],"wp:attachment":[{"href":"https:\/\/diarioregionaldigital.com.br\/index.php?rest_route=%2Fwp%2Fv2%2Fmedia&parent=224141"}],"wp:term":[{"taxonomy":"category","embeddable":true,"href":"https:\/\/diarioregionaldigital.com.br\/index.php?rest_route=%2Fwp%2Fv2%2Fcategories&post=224141"},{"taxonomy":"post_tag","embeddable":true,"href":"https:\/\/diarioregionaldigital.com.br\/index.php?rest_route=%2Fwp%2Fv2%2Ftags&post=224141"}],"curies":[{"name":"wp","href":"https:\/\/api.w.org\/{rel}","templated":true}]}}