{"id":224138,"date":"2024-08-14T20:42:49","date_gmt":"2024-08-14T23:42:49","guid":{"rendered":"https:\/\/diarioregionaldigital.com.br\/?p=224138"},"modified":"2024-08-14T20:42:49","modified_gmt":"2024-08-14T23:42:49","slug":"minas-abre-9-221-empresas-em-julho-e-bate-recorde-para-o-mes","status":"publish","type":"post","link":"https:\/\/diarioregionaldigital.com.br\/?p=224138","title":{"rendered":"Minas abre 9.221 empresas em julho e bate recorde para o m\u00eas"},"content":{"rendered":"<p>Minas Gerais encerrou julho com um total de 9.221 novas empresas constitu\u00eddas em todas as regi\u00f5es do estado. A marca representa alta de 17,86% na compara\u00e7\u00e3o com o mesmo m\u00eas de 2023, quando foram registrados 7.824 novos neg\u00f3cios.<\/p>\n<p>O desempenho \u00e9 o melhor para o m\u00eas de julho desde 2019. Na s\u00e9rie hist\u00f3rica, foram 7.150 empresas abertas em julho de 2022, outras 7.106 em julho de 2021 e, ainda, 5.128 em julho de 2020 e 5.145 no mesmo m\u00eas de 2019.<\/p>\n<p>Os dados comp\u00f5em o relat\u00f3rio mensal divulgado nesta quarta-feira (14\/8)\u00a0 pela\u00a0<a id=\"OWAbfe46ec4-5c99-a8cc-7f80-8edd523073af\" href=\"https:\/\/jucemg.mg.gov.br\/\" target=\"_blank\" rel=\"noreferrer noopener\" data-auth=\"NotApplicable\" data-linkindex=\"2\">Junta Comercial de Minas Gerais (Jucemg)<\/a>, autarquia vinculada \u00e0\u00a0<a id=\"OWAc1d561ab-c553-d3b5-2578-ed35026e1943\" href=\"https:\/\/desenvolvimento.mg.gov.br\/\" target=\"_blank\" rel=\"noreferrer noopener\" data-auth=\"NotApplicable\" data-linkindex=\"3\">Secretaria de Estado de Desenvolvimento Econ\u00f4mico de Minas Gerais (Sede-MG)<\/a>. Ainda, segundo os dados, no acumulado do ano, o volume total de empreendimentos abertos compreende 57.376 registros, aumento de 13,24% em rela\u00e7\u00e3o ao montante verificado no mesmo per\u00edodo do ano passado (50.667).<\/p>\n<p>\u201cMesmo com alguns cen\u00e1rios de instabilidade na pol\u00edtica econ\u00f4mica nacional e internacional, nosso estado vem apresentando um ambiente seguro para os empreendedores. Esses resultados positivos refletem a\u00e7\u00f5es como a desburocratiza\u00e7\u00e3o da abertura de empresas promovida pelo\u00a0<a href=\"https:\/\/www.mg.gov.br\/\" target=\"_blank\" rel=\"noopener\">Governo de Minas<\/a>, o que \u00e9 fundamental para a gera\u00e7\u00e3o de emprego e renda\u201d, afirma o secret\u00e1rio de Estado de Desenvolvimento Econ\u00f4mico, Fernando Passalio.<\/p>\n<p><b>Setores em alta\u00a0<\/b><\/p>\n<p>Todos os setores registraram alta em julho de 2024 na compara\u00e7\u00e3o com o mesmo m\u00eas do ano passado: servi\u00e7os (15,17%), ind\u00fastria (11,21%) e com\u00e9rcio (8,66%).<\/p>\n<p>No acumulado do ano, o setor de servi\u00e7os tamb\u00e9m apresenta o maior volume de empreendimentos abertos, com 41.590 novos neg\u00f3cios formalizados desde janeiro, seguido pelo com\u00e9rcio, com 12.927 novas constitui\u00e7\u00f5es. Na ind\u00fastria, o volume total de novos neg\u00f3cios j\u00e1 alcan\u00e7a 2.856 registros no ano.<\/p>\n<p>\u201cComo agente indutor de desenvolvimento, a Jucemg n\u00e3o apenas comemora, mas trabalha para entregar ao empres\u00e1rio uma experi\u00eancia cada vez mais favor\u00e1vel e positiva tanto na fase da prospec\u00e7\u00e3o e formaliza\u00e7\u00e3o do seu neg\u00f3cio como em todas as movimenta\u00e7\u00f5es que ele precisar fazer\u201d, destaca a presidente da Jucemg, Patricia Vinte.<\/p>\n<p><b>Norte de Minas e Jequitinhonha se destacam<\/b><\/p>\n<p>Nove das dez regi\u00f5es do estado abriram mais empresas em julho deste ano do que em julho do ano passado. O destaque ficou por conta do Norte de Minas, que teve alta de 51,56% no n\u00famero de formaliza\u00e7\u00f5es, ao abrir 485 novos empreendimentos no m\u00eas contra 320 registrados em julho de 2023.<\/p>\n<p>Em seguida, aparecem: Jequitinhonha\/Mucuri (31,25%), Zona da Mata (28,71%), Central (19,16%), Alto Parana\u00edba (18,73%), Tri\u00e2ngulo Mineiro (11,78%), Sul de Minas (11,21%), Rio Doce (8,44%) e Centro-Oeste (6,26%).<\/p>\n<p><b>Ranking municipal<\/b><\/p>\n<p>Belo Horizonte confirmou em julho a posi\u00e7\u00e3o de cidade que mais empreende em Minas, ao formalizar 2.487 novos neg\u00f3cios no m\u00eas, 18,15% a mais que em julho de 2023 (2.105). No acumulado do ano, a capital mineira j\u00e1 abriu 15.420 novas empresas, 18,83% a mais que nos mesmos meses de 2023.<\/p>\n<p>Na sequ\u00eancia no Top 10, aparecem Uberl\u00e2ndia (539 em julho e 3.474 no ano), Contagem (299 e 1.892); Juiz de Fora (290 e 1.553); Montes Claros (243 e 1.253); Uberaba (200 e 1.171) e Divin\u00f3polis (138 e 791). E ainda: Betim (135 e 877), Governador Valadares (130 e 767) e Nova Lima (120 e 676).<\/p>\n<p><b>Encerramentos\u202f<\/b><\/p>\n<p>Conforme o relat\u00f3rio da Jucemg, em rela\u00e7\u00e3o \u00e0s empresas extintas, julho terminou com 5.505 baixas, contra 4.198 verificadas em julho do ano passado, varia\u00e7\u00e3o de 31,13%. No acumulado do ano, as extin\u00e7\u00f5es somam 36.159 registros, 23,01% a mais que as 29.396 anotadas nos mesmos meses de 2023.<\/p>\n<p><b>MEIs<\/b><\/p>\n<p>O relat\u00f3rio da Jucemg considera empresas de todos os portes, com exce\u00e7\u00e3o dos MEIs (microempreendedores individuais), cujas inscri\u00e7\u00f5es s\u00e3o realizadas diretamente no Portal do Empreendedor, sem passar pelas juntas comerciais estaduais.<\/p>\n<p>Fonte: Ag\u00eancia Minas<\/p>\n","protected":false},"excerpt":{"rendered":"<p>Minas Gerais encerrou julho com um total de 9.221 novas empresas constitu\u00eddas em todas as regi\u00f5es do estado. A marca representa alta de 17,86% na compara\u00e7\u00e3o com o mesmo m\u00eas de 2023, quando foram registrados 7.824 novos neg\u00f3cios. O desempenho \u00e9 o melhor para o m\u00eas de julho desde 2019. Na s\u00e9rie hist\u00f3rica, foram 7.150 [&hellip;]<\/p>\n","protected":false},"author":246,"featured_media":224139,"comment_status":"closed","ping_status":"closed","sticky":false,"template":"","format":"standard","meta":{"footnotes":""},"categories":[436,440,261,254,252,439],"tags":[],"class_list":["post-224138","post","type-post","status-publish","format-standard","has-post-thumbnail","hentry","category-destaque-da-semana","category-destaques-do-dia","category-economia","category-politica","category-regiao","category-ultima-hora"],"_links":{"self":[{"href":"https:\/\/diarioregionaldigital.com.br\/index.php?rest_route=\/wp\/v2\/posts\/224138","targetHints":{"allow":["GET"]}}],"collection":[{"href":"https:\/\/diarioregionaldigital.com.br\/index.php?rest_route=\/wp\/v2\/posts"}],"about":[{"href":"https:\/\/diarioregionaldigital.com.br\/index.php?rest_route=\/wp\/v2\/types\/post"}],"author":[{"embeddable":true,"href":"https:\/\/diarioregionaldigital.com.br\/index.php?rest_route=\/wp\/v2\/users\/246"}],"replies":[{"embeddable":true,"href":"https:\/\/diarioregionaldigital.com.br\/index.php?rest_route=%2Fwp%2Fv2%2Fcomments&post=224138"}],"version-history":[{"count":1,"href":"https:\/\/diarioregionaldigital.com.br\/index.php?rest_route=\/wp\/v2\/posts\/224138\/revisions"}],"predecessor-version":[{"id":224140,"href":"https:\/\/diarioregionaldigital.com.br\/index.php?rest_route=\/wp\/v2\/posts\/224138\/revisions\/224140"}],"wp:featuredmedia":[{"embeddable":true,"href":"https:\/\/diarioregionaldigital.com.br\/index.php?rest_route=\/wp\/v2\/media\/224139"}],"wp:attachment":[{"href":"https:\/\/diarioregionaldigital.com.br\/index.php?rest_route=%2Fwp%2Fv2%2Fmedia&parent=224138"}],"wp:term":[{"taxonomy":"category","embeddable":true,"href":"https:\/\/diarioregionaldigital.com.br\/index.php?rest_route=%2Fwp%2Fv2%2Fcategories&post=224138"},{"taxonomy":"post_tag","embeddable":true,"href":"https:\/\/diarioregionaldigital.com.br\/index.php?rest_route=%2Fwp%2Fv2%2Ftags&post=224138"}],"curies":[{"name":"wp","href":"https:\/\/api.w.org\/{rel}","templated":true}]}}