{"id":224127,"date":"2024-08-13T20:12:29","date_gmt":"2024-08-13T23:12:29","guid":{"rendered":"https:\/\/diarioregionaldigital.com.br\/?p=224127"},"modified":"2024-08-13T20:12:29","modified_gmt":"2024-08-13T23:12:29","slug":"governo-de-minas-cria-boletim-escolar-digital-e-moderniza-acompanhamento-das-notas-na-rede-estadual","status":"publish","type":"post","link":"https:\/\/diarioregionaldigital.com.br\/?p=224127","title":{"rendered":"Governo de Minas cria Boletim Escolar Digital e moderniza acompanhamento das notas na rede estadual"},"content":{"rendered":"<p>O\u00a0<a href=\"https:\/\/www.mg.gov.br\/\" target=\"_blank\" rel=\"noopener\">Governo de Minas<\/a>, por meio das\u00a0<a href=\"https:\/\/www.educacao.mg.gov.br\/\" target=\"_blank\" rel=\"noopener\">Secretarias de Estado de Educa\u00e7\u00e3o (SEE\/MG)<\/a>\u00a0e de\u00a0<a href=\"https:\/\/www.mg.gov.br\/planejamento\" target=\"_blank\" rel=\"noopener\">Planejamento e Gest\u00e3o (Seplag\/MG)<\/a>, lan\u00e7ou, nesta ter\u00e7a-feira (13\/8), em Belo Horizonte, o Boletim Escolar Digital para a rede estadual de ensino.<\/p>\n<p>Inicialmente, cerca de 500 escolas em 39 munic\u00edpios da Regi\u00e3o Metropolitana de Belo Horizonte (RMBH) ter\u00e3o acesso \u00e0 funcionalidade, dispon\u00edvel no aplicativo MG App ou no portal\u00a0<a href=\"https:\/\/cidadao.mg.gov.br\/#\/login\" target=\"_blank\" rel=\"noopener\">cidadao.mg.gov.br<\/a>.<\/p>\n<p>O sistema permitir\u00e1 que estudantes e respons\u00e1veis consultem notas e frequ\u00eancias bimestrais de forma \u00e1gil e pr\u00e1tica.<\/p>\n<p>\u201cHoje, n\u00f3s estamos dando um passo muito importante na educa\u00e7\u00e3o. Com o Boletim Escolar Digital, os pais ter\u00e3o acesso \u00e0s notas dos filhos, que ser\u00e3o atualizadas bimestralmente e poder\u00e3o acompanhar o desempenho dos estudantes\u201d, disse o governador.<\/p>\n<table border=\"0\" cellspacing=\"1\" cellpadding=\"1\" align=\"center\">\n<tbody>\n<tr>\n<td colspan=\"5\"><img decoding=\"async\" src=\"https:\/\/www.agenciaminas.mg.gov.br\/ckeditor_assets\/pictures\/20949\/content_2_olho_topo.jpg\" alt=\"\" \/><\/td>\n<\/tr>\n<tr>\n<td><\/td>\n<td colspan=\"3\" rowspan=\"3\">\n<h1><strong>&#8220;O recurso\u00a0cria mais proximidade, um acompanhamento melhor, e tudo isso ser\u00e1 disponibilizado em uma plataforma que milh\u00f5es de mineiros j\u00e1 usam, que \u00e9 o MG App&#8221;, ressaltou Romeu Zema.<\/strong><\/h1>\n<\/td>\n<td><\/td>\n<\/tr>\n<tr>\n<td><\/td>\n<td><\/td>\n<\/tr>\n<tr>\n<td><\/td>\n<td><\/td>\n<\/tr>\n<tr>\n<td colspan=\"5\"><img decoding=\"async\" src=\"https:\/\/www.agenciaminas.mg.gov.br\/ckeditor_assets\/pictures\/20950\/content_2_olho_inferior.jpg\" alt=\"\" \/><\/td>\n<\/tr>\n<\/tbody>\n<\/table>\n<p>O secret\u00e1rio Igor de Alvarenga refor\u00e7ou que o Boletim Escolar Digital vai trazer mais comodidade aos pais e respons\u00e1veis pelos estudantes da rede p\u00fablica estadual.<\/p>\n<p>\u201cO respons\u00e1vel pelo aluno vai poder acompanhar a rotina, a frequ\u00eancia, as notas. Tudo isso \u00e9 fundamental para que consigamos nos envolver ainda mais e melhorar a qualidade do ensino. Vale destacar que n\u00e3o tem como fazer educa\u00e7\u00e3o sem parceria com a comunidade escolar e os pais. Esse lan\u00e7amento \u00e9 fruto desse di\u00e1logo\u201d, disse.<\/p>\n<p>A secret\u00e1ria de Estado de Planejamento e Gest\u00e3o, Camila Neves, tamb\u00e9m presente no lan\u00e7amento, reiterou o compromisso do Governo de Minas em melhorar e facilitar a vida do cidad\u00e3o por meio de acessos f\u00e1ceis aos servi\u00e7os que o Estado oferece.<\/p>\n<p>\u201c\u00c9 muito importante trabalhar cada vez mais na amplia\u00e7\u00e3o de servi\u00e7os p\u00fablicos ao alcance da m\u00e3o do cidad\u00e3o. Esse \u00e9 nosso foco: que consigamos, via MG App e Portal Cidad\u00e3o, fazer com que todo mundo se aproxime dos servi\u00e7os. O Boletim Escolar Digital vai nessa linha.\u00a0Os pais estar\u00e3o juntos e atentos ao desenvolvimento dos filhos na escola\u201d, enfatizou.<\/p>\n<p>O acompanhamento escolar ficar\u00e1 dispon\u00edvel para institui\u00e7\u00f5es pertencentes \u00e0s Superintend\u00eancias Regionais de Ensino Metropolitanas A, B e C, contemplando aproximadamente 300 mil estudantes.<\/p>\n<p>As 39 cidades s\u00e3o: Bar\u00e3o de Cocais; Belo Horizonte; Belo Vale; Betim; Bom Jesus Do Amparo; Bonfim; Brumadinho; Caet\u00e9; Catas Altas; Confins; Contagem; Crucil\u00e2ndia; Esmeraldas; Ibirit\u00e9, Igarap\u00e9; Jaboticatubas; Juatuba; Lagoa Santa; M\u00e1rio Campos; Mateus Leme; Moeda; Morro Do Pilar; Nova Lima; Nova Uni\u00e3o; Pedro Leopoldo; Piedade dos Gerais; Raposos; Ribeir\u00e3o Das Neves; Rio Acima; Rio Manso; Sabar\u00e1; Santa B\u00e1rbara; Santa Luzia; Santana do Riacho; S\u00e3o Joaquim de Bicas; S\u00e3o Jos\u00e9 da Lapa; Sarzedo; Taquara\u00e7u de Minas; e Vespasiano.<\/p>\n<p>O objetivo, neste momento, \u00e9 coletar considera\u00e7\u00f5es dos usu\u00e1rios e realizar ajustes necess\u00e1rios para garantir que, no in\u00edcio do ano letivo de 2025, a funcionalidade esteja dispon\u00edvel nas mais de 3,4 mil escolas da rede estadual de Minas Gerais.<\/p>\n<p><strong>Projeto<\/strong><\/p>\n<p>O desenvolvimento do Boletim Escolar Digital foi iniciado pelo\u00a0<a href=\"https:\/\/www.mg.gov.br\/labmg\" target=\"_blank\" rel=\"noopener\">Laborat\u00f3rio de Inova\u00e7\u00e3o em Governo (LAB.mg)<\/a>, partindo do objetivo de melhorar o acompanhamento escolar dos alunos.<\/p>\n<p>As reuni\u00f5es de pais realizadas pelas escolas foram consideradas como a principal forma de acompanhamento da trajet\u00f3ria escolar do estudante, sendo o Boletim Escolar instrumento relevante de apoio neste processo.<\/p>\n<p>Ap\u00f3s an\u00e1lises e verifica\u00e7\u00f5es de usabilidade e escuta com respons\u00e1veis, uma vers\u00e3o de testes foi implementada em cinco escolas: Escola Estadual Jo\u00e3o Belo de Oliveira (Carangola), E.E. Raul Soares (Ub\u00e1), E.E. Frei Eg\u00eddio (Uberl\u00e2ndia), E.E. Alfredo S\u00e1 (Te\u00f3filo Otoni) e E.E. T\u00e9cnico Industrial Professor Fontes (Belo Horizonte).<\/p>\n<p>A\u00a0<a href=\"https:\/\/www.prodemge.gov.br\/\" target=\"_blank\" rel=\"noopener\">Companhia de Tecnologia da Informa\u00e7\u00e3o do Estado de Minas Gerais (Prodemge)<\/a>, respons\u00e1vel pelo desenvolvimento do MG App e do Sistema Mineiro de Administra\u00e7\u00e3o Escolar (Simade), tamb\u00e9m realizou a integra\u00e7\u00e3o desses sistemas ao Boletim Escolar Digital.<\/p>\n<p>Essa integra\u00e7\u00e3o garante a unifica\u00e7\u00e3o e a efici\u00eancia no gerenciamento das informa\u00e7\u00f5es, facilitando o acesso e a atualiza\u00e7\u00e3o dos dados escolares para estudantes e respons\u00e1veis.<\/p>\n<p>A iniciativa foi financiada pelo Banco Nacional de Desenvolvimento Econ\u00f4mico e Social (BNDES) com a intermedia\u00e7\u00e3o da Secretaria de Estado de Casa Civil (SCC).<\/p>\n<p><strong>Como acessar<\/strong><\/p>\n<p>O Boletim Escolar Digital pode ser acessado por meio do aplicativo MG App e do Portal Cidad\u00e3o.<\/p>\n<p>O acesso requer um login gov.br com CPF e est\u00e1 dispon\u00edvel apenas para o estudante e respons\u00e1vel cadastrados no Sistema Mineiro de Administra\u00e7\u00e3o Escolar (Simade).<\/p>\n<p>Caso haja inconsist\u00eancias nas informa\u00e7\u00f5es, os respons\u00e1veis dever\u00e3o entrar em contato com a escola para corre\u00e7\u00f5es.<\/p>\n<p><strong>Sobre o MG App<\/strong><\/p>\n<p>O MG App, que conta com mais de 4,9 milh\u00f5es de usu\u00e1rios, integra mais de cem servi\u00e7os p\u00fablicos oferecidos pelo Governo de Minas.<\/p>\n<p>Dispon\u00edvel gratuitamente para download nas lojas App Store e Google Play, o aplicativo oferece um amplo conjunto de funcionalidades, incluindo emiss\u00e3o de certid\u00f5es, servi\u00e7os de sa\u00fade, consulta de ve\u00edculos e muito mais, tornando-se uma ferramenta essencial para a gest\u00e3o de servi\u00e7os p\u00fablicos.<\/p>\n<p>Fonte: Ag\u00eancia Minas<\/p>\n","protected":false},"excerpt":{"rendered":"<p>O\u00a0Governo de Minas, por meio das\u00a0Secretarias de Estado de Educa\u00e7\u00e3o (SEE\/MG)\u00a0e de\u00a0Planejamento e Gest\u00e3o (Seplag\/MG), lan\u00e7ou, nesta ter\u00e7a-feira (13\/8), em Belo Horizonte, o Boletim Escolar Digital para a rede estadual de ensino. Inicialmente, cerca de 500 escolas em 39 munic\u00edpios da Regi\u00e3o Metropolitana de Belo Horizonte (RMBH) ter\u00e3o acesso \u00e0 funcionalidade, dispon\u00edvel no aplicativo MG [&hellip;]<\/p>\n","protected":false},"author":246,"featured_media":224128,"comment_status":"closed","ping_status":"closed","sticky":false,"template":"","format":"standard","meta":{"footnotes":""},"categories":[436,440,261,254,252,439],"tags":[],"class_list":["post-224127","post","type-post","status-publish","format-standard","has-post-thumbnail","hentry","category-destaque-da-semana","category-destaques-do-dia","category-economia","category-politica","category-regiao","category-ultima-hora"],"_links":{"self":[{"href":"https:\/\/diarioregionaldigital.com.br\/index.php?rest_route=\/wp\/v2\/posts\/224127","targetHints":{"allow":["GET"]}}],"collection":[{"href":"https:\/\/diarioregionaldigital.com.br\/index.php?rest_route=\/wp\/v2\/posts"}],"about":[{"href":"https:\/\/diarioregionaldigital.com.br\/index.php?rest_route=\/wp\/v2\/types\/post"}],"author":[{"embeddable":true,"href":"https:\/\/diarioregionaldigital.com.br\/index.php?rest_route=\/wp\/v2\/users\/246"}],"replies":[{"embeddable":true,"href":"https:\/\/diarioregionaldigital.com.br\/index.php?rest_route=%2Fwp%2Fv2%2Fcomments&post=224127"}],"version-history":[{"count":1,"href":"https:\/\/diarioregionaldigital.com.br\/index.php?rest_route=\/wp\/v2\/posts\/224127\/revisions"}],"predecessor-version":[{"id":224129,"href":"https:\/\/diarioregionaldigital.com.br\/index.php?rest_route=\/wp\/v2\/posts\/224127\/revisions\/224129"}],"wp:featuredmedia":[{"embeddable":true,"href":"https:\/\/diarioregionaldigital.com.br\/index.php?rest_route=\/wp\/v2\/media\/224128"}],"wp:attachment":[{"href":"https:\/\/diarioregionaldigital.com.br\/index.php?rest_route=%2Fwp%2Fv2%2Fmedia&parent=224127"}],"wp:term":[{"taxonomy":"category","embeddable":true,"href":"https:\/\/diarioregionaldigital.com.br\/index.php?rest_route=%2Fwp%2Fv2%2Fcategories&post=224127"},{"taxonomy":"post_tag","embeddable":true,"href":"https:\/\/diarioregionaldigital.com.br\/index.php?rest_route=%2Fwp%2Fv2%2Ftags&post=224127"}],"curies":[{"name":"wp","href":"https:\/\/api.w.org\/{rel}","templated":true}]}}