{"id":224124,"date":"2024-08-13T20:11:12","date_gmt":"2024-08-13T23:11:12","guid":{"rendered":"https:\/\/diarioregionaldigital.com.br\/?p=224124"},"modified":"2024-08-13T20:11:12","modified_gmt":"2024-08-13T23:11:12","slug":"cemig-investe-r-81-milhoes-em-linhas-de-distribuicao-e-subestacao-na-zona-da-mata-e-beneficia-mais-de-meio-milhao-de-pessoas","status":"publish","type":"post","link":"https:\/\/diarioregionaldigital.com.br\/?p=224124","title":{"rendered":"Cemig investe R$ 81 milh\u00f5es em linhas de distribui\u00e7\u00e3o e subesta\u00e7\u00e3o na Zona da Mata e beneficia mais de meio milh\u00e3o de pessoas"},"content":{"rendered":"<p>Ser a indutora do desenvolvimento de Minas Gerais e melhorar o fornecimento de energia para os seus mais de 9 milh\u00f5es de clientes. Com esses dois objetivos, a\u00a0<a href=\"https:\/\/www.cemig.com.br\/\" target=\"_blank\" rel=\"noopener\">Cemig<\/a>\u00a0concluiu a constru\u00e7\u00e3o da Linha de Distribui\u00e7\u00e3o (LD) Jequeri \u2013 Padre Fialho 138 KV, na regi\u00e3o da Zona da Mata mineira, que vai beneficiar diretamente mais de meio milh\u00e3o de pessoas.<\/p>\n<p>Ao todo, a empresa investiu R$ 81 milh\u00f5es no empreendimento que vai dar mais confiabilidade, resili\u00eancia e qualidade do servi\u00e7o para 29 cidades, al\u00e9m de melhorar a condi\u00e7\u00e3o de atendimento de 14 subesta\u00e7\u00f5es da companhia.<\/p>\n<p>Foram constru\u00eddos 84 quil\u00f4metros de linhas de distribui\u00e7\u00e3o, sendo 45 quil\u00f4metros da LD Jequeri &#8211; Vi\u00e7osa 138 kV e 39 quil\u00f4metros da nova LD Jequeri &#8211; Padre Fialho 138 kV.<\/p>\n<p>Al\u00e9m disso, tamb\u00e9m foi constru\u00edda a subesta\u00e7\u00e3o (SE) Jequeri, que vai dar mais confiabilidade e estabilidade \u00e0 rede el\u00e9trica da regi\u00e3o. Entre os munic\u00edpios beneficiados pelos empreendimentos est\u00e3o Mariana, Ponte Nova, Vi\u00e7osa, Ouro Preto, Abre Campo e mais 23 cidades do entorno, beneficiando mais de meio milh\u00e3o de pessoas.<\/p>\n<p>A constru\u00e7\u00e3o da nova LD na Zona da Mata faz parte do maior investimento da hist\u00f3ria da Cemig que, entre 2019 e 2028, vai destinar R$ 50 bilh\u00f5es em Minas Gerais.<\/p>\n<p>Neste per\u00edodo, a empresa vai construir 200 novas subesta\u00e7\u00f5es e converter\u00e1 30 mil quil\u00f4metros de redes monof\u00e1sicas em trif\u00e1sicas, beneficiando o agroneg\u00f3cio do estado.<\/p>\n<p>De acordo com o gerente de Expans\u00e3o e Manuten\u00e7\u00e3o da Alta Tens\u00e3o da Distribui\u00e7\u00e3o Leste da Cemig, Ramon Cavalini Furiati, a conex\u00e3o dessa linha representa um ganho de quantidade, qualidade e confiabilidade do fornecimento de energia el\u00e9trica para cerca de 235 mil clientes.<\/p>\n<p>\u201cCom a opera\u00e7\u00e3o da nova linha, o sistema el\u00e9trico que atende a regi\u00e3o fica mais robusto e confi\u00e1vel, melhorando a qualidade da energia e diminuindo a possibilidade de interrup\u00e7\u00f5es emergenciais no fornecimento em cen\u00e1rios de poss\u00edveis falhas de equipamentos\u201d, destaca.<\/p>\n<p>Outro importante ganho com a conclus\u00e3o da LD ser\u00e1 a contribui\u00e7\u00e3o para a melhoria nos indicadores de Dura\u00e7\u00e3o Equivalente de Interrup\u00e7\u00e3o por Unidade Consumidora (DEC) e Frequ\u00eancia Equivalente de Interrup\u00e7\u00e3o por Unidade Consumidora (FEC), refletindo diretamente na qualidade do servi\u00e7o prestado aos clientes da regi\u00e3o<\/p>\n<p><strong>Mais investimentos<\/strong><\/p>\n<p>No fim do ano passado, a Cemig inaugurou a subesta\u00e7\u00e3o Pequeri, que beneficiou diretamente 600 mil pessoas da Zona da Mata e que teve investimentos de R$ 37 milh\u00f5es.<\/p>\n<p>Al\u00e9m da cidade que recebe a SE, a estrutura beneficiar\u00e1 o sistema el\u00e9trico de Juiz de Fora e regi\u00e3o, beneficiando dezenas de milhares de pessoas, considerando as cidades de Bicas, Guarar\u00e1, Mar de Espanha, Marip\u00e1 de Minas, Santana do Deserto, Senador Cortes e Chiador.<\/p>\n<p>Ainda no ano passado, a Cemig tamb\u00e9m entregou \u00e0 popula\u00e7\u00e3o da regi\u00e3o a SE Divino, que recebeu R$ 46 milh\u00f5es em investimento para garantir o fornecimento adequado de energia el\u00e9trica para cerca de 30 mil unidades consumidoras dos munic\u00edpios de Divino, Fervedouro, Oriz\u00e2nia e S\u00e3o Francisco do Gl\u00f3ria.<\/p>\n<p>Desde 2021, a Cemig j\u00e1 destinou mais de R$ 2,7 bilh\u00f5es ao programa Mais Energia, para energizar 100 novas instala\u00e7\u00f5es em Minas Gerais, tornando a rede el\u00e9trica mais resiliente, conectando novas cargas e melhorando o fornecimento de energia.<\/p>\n<p>A iniciativa ampliar\u00e1 o n\u00famero de instala\u00e7\u00f5es em praticamente 50% no estado at\u00e9 2027, com um investimento total de\u202fmais de\u202fR$\u202f7\u202fbilh\u00f5es.<\/p>\n<p>Fonte: Ag\u00eancia Minas<\/p>\n","protected":false},"excerpt":{"rendered":"<p>Ser a indutora do desenvolvimento de Minas Gerais e melhorar o fornecimento de energia para os seus mais de 9 milh\u00f5es de clientes. Com esses dois objetivos, a\u00a0Cemig\u00a0concluiu a constru\u00e7\u00e3o da Linha de Distribui\u00e7\u00e3o (LD) Jequeri \u2013 Padre Fialho 138 KV, na regi\u00e3o da Zona da Mata mineira, que vai beneficiar diretamente mais de meio [&hellip;]<\/p>\n","protected":false},"author":246,"featured_media":224125,"comment_status":"closed","ping_status":"closed","sticky":false,"template":"","format":"standard","meta":{"footnotes":""},"categories":[436,440,261,254,252,439],"tags":[],"class_list":["post-224124","post","type-post","status-publish","format-standard","has-post-thumbnail","hentry","category-destaque-da-semana","category-destaques-do-dia","category-economia","category-politica","category-regiao","category-ultima-hora"],"_links":{"self":[{"href":"https:\/\/diarioregionaldigital.com.br\/index.php?rest_route=\/wp\/v2\/posts\/224124","targetHints":{"allow":["GET"]}}],"collection":[{"href":"https:\/\/diarioregionaldigital.com.br\/index.php?rest_route=\/wp\/v2\/posts"}],"about":[{"href":"https:\/\/diarioregionaldigital.com.br\/index.php?rest_route=\/wp\/v2\/types\/post"}],"author":[{"embeddable":true,"href":"https:\/\/diarioregionaldigital.com.br\/index.php?rest_route=\/wp\/v2\/users\/246"}],"replies":[{"embeddable":true,"href":"https:\/\/diarioregionaldigital.com.br\/index.php?rest_route=%2Fwp%2Fv2%2Fcomments&post=224124"}],"version-history":[{"count":1,"href":"https:\/\/diarioregionaldigital.com.br\/index.php?rest_route=\/wp\/v2\/posts\/224124\/revisions"}],"predecessor-version":[{"id":224126,"href":"https:\/\/diarioregionaldigital.com.br\/index.php?rest_route=\/wp\/v2\/posts\/224124\/revisions\/224126"}],"wp:featuredmedia":[{"embeddable":true,"href":"https:\/\/diarioregionaldigital.com.br\/index.php?rest_route=\/wp\/v2\/media\/224125"}],"wp:attachment":[{"href":"https:\/\/diarioregionaldigital.com.br\/index.php?rest_route=%2Fwp%2Fv2%2Fmedia&parent=224124"}],"wp:term":[{"taxonomy":"category","embeddable":true,"href":"https:\/\/diarioregionaldigital.com.br\/index.php?rest_route=%2Fwp%2Fv2%2Fcategories&post=224124"},{"taxonomy":"post_tag","embeddable":true,"href":"https:\/\/diarioregionaldigital.com.br\/index.php?rest_route=%2Fwp%2Fv2%2Ftags&post=224124"}],"curies":[{"name":"wp","href":"https:\/\/api.w.org\/{rel}","templated":true}]}}