{"id":224116,"date":"2024-08-13T03:04:29","date_gmt":"2024-08-13T06:04:29","guid":{"rendered":"https:\/\/diarioregionaldigital.com.br\/?p=224116"},"modified":"2024-08-13T03:05:29","modified_gmt":"2024-08-13T06:05:29","slug":"pregao-027-13-08-2024","status":"publish","type":"post","link":"https:\/\/diarioregionaldigital.com.br\/?p=224116","title":{"rendered":"AVISO DE LICITA\u00c7\u00c3O 027 &#8211; 13\/08\/2024"},"content":{"rendered":"<p class=\"s4\" style=\"text-align: center;\"><span class=\"s5\"><span class=\"bumpedFont15\">PREFEITURA MUNICIPAL DE DESCOBERTO<\/span><\/span><\/p>\n<p class=\"s4\" style=\"text-align: center;\">\n<p class=\"s4\" style=\"text-align: center;\"><span class=\"s5\"><span class=\"bumpedFont15\">AVISO DE LICITA\u00c7\u00c3O<\/span><\/span><\/p>\n<p class=\"s4\" style=\"text-align: center;\">\n<p class=\"s4\" style=\"text-align: center;\"><span class=\"s5\"><span class=\"bumpedFont15\">Licita\u00e7\u00e3o n\u00b0 0<\/span><\/span><span class=\"s5\"><span class=\"bumpedFont15\">67<\/span><\/span><span class=\"s5\"><span class=\"bumpedFont15\">\/202<\/span><\/span><span class=\"s5\"><span class=\"bumpedFont15\">4<\/span><\/span><\/p>\n<p class=\"s4\" style=\"text-align: center;\"><span class=\"s5\"><span class=\"bumpedFont15\">Moda<\/span><\/span><span class=\"s5\"><span class=\"bumpedFont15\">li<\/span><\/span><span class=\"s5\"><span class=\"bumpedFont15\">dade de Preg\u00e3o Presencial n\u00b0 <\/span><\/span><span class=\"s5\"><span class=\"bumpedFont15\">0<\/span><\/span><span class=\"s5\"><span class=\"bumpedFont15\">27<\/span><\/span><span class=\"s5\"><span class=\"bumpedFont15\">\/202<\/span><\/span><span class=\"s5\"><span class=\"bumpedFont15\">4<\/span><\/span><\/p>\n<p class=\"s9\" style=\"text-align: center;\"><span class=\"s6\"><span class=\"bumpedFont15\">O Munic\u00edpio de DESCOBERTO, na forma da lei, faz saber a todos quantos o presente edital virem, ou dele conhecimento tiverem, que a par<\/span><\/span><span class=\"s6\"><span class=\"bumpedFont15\">tir das <\/span><\/span><span class=\"s6\"><span class=\"bumpedFont15\">0<\/span><\/span><span class=\"s6\"><span class=\"bumpedFont15\">8<\/span><\/span><span class=\"s6\"><span class=\"bumpedFont15\">:<\/span><\/span><span class=\"s6\"><span class=\"bumpedFont15\">3<\/span><\/span><span class=\"s6\"><span class=\"bumpedFont15\">0h do dia <\/span><\/span><span class=\"s6\"><span class=\"bumpedFont15\">23<\/span><\/span><span class=\"s6\"><span class=\"bumpedFont15\"> de <\/span><\/span><span class=\"s6\"><span class=\"bumpedFont15\">agosto<\/span><\/span><span class=\"s6\"><span class=\"bumpedFont15\"> de 202<\/span><\/span><span class=\"s6\"><span class=\"bumpedFont15\">4<\/span><\/span><span class=\"s6\"><span class=\"bumpedFont15\">, na Prefeitura Municipal na sala da comiss\u00e3o de licita\u00e7\u00e3o, localizada na rua CAPIT\u00c3O BAS\u00cdLIO, n\u00b0 39, bairro CENTRO, munic\u00edpio de DESCOBERTO, ser\u00e1 realizada licita\u00e7\u00e3o <\/span><\/span><span class=\"s6\"><span class=\"bumpedFont15\">na modalidade <\/span><\/span><span class=\"s6\"><span class=\"bumpedFont15\">PREG\u00c3O PRESENCIAL, objetivando o <\/span><\/span><span class=\"s6\"><span class=\"bumpedFont15\">REGISTRO DE <\/span><\/span><span class=\"s6\"><span class=\"bumpedFont15\">PRE\u00c7OS<\/span><\/span><span class=\"s6\"><span class=\"bumpedFont15\"> PARA A C<\/span><\/span><span class=\"s6\"><span class=\"bumpedFont15\">ONTRATA\u00c7\u00c3O DE <\/span><\/span><span class=\"s6\"><span class=\"bumpedFont15\">EMPRESA PARA <\/span><\/span><span class=\"s6\"><span class=\"bumpedFont15\">FORNECIMENTO <\/span><\/span><span class=\"s6\"><span class=\"bumpedFont15\">DE <\/span><\/span><span class=\"s6\"><span class=\"bumpedFont15\">S\u00caMEN PARA O PROGRAMA MUNICIPAL DE MELHORAMENTO GEN\u00c9TICO DO GADO BOVINO, PARA ATENDIMENTO AO DEPARTAMENTO MUNICIPAL DE MEIO AMBIENTE, SANEAMENTO E A<\/span><\/span><span class=\"s6\"><span class=\"bumpedFont15\">GR<\/span><\/span><span class=\"s6\"><span class=\"bumpedFont15\">OPECU\u00c1RIA<\/span><\/span><span class=\"s6\"><span class=\"bumpedFont15\">, DO <\/span><\/span><span class=\"s6\"><span class=\"bumpedFont15\">MUNIC\u00cdPIO DE<\/span><\/span> <span class=\"s6\"><span class=\"bumpedFont15\">DESCOBERT<\/span><\/span><span class=\"s6\"><span class=\"bumpedFont15\">O \u2013 MG<\/span><\/span><span class=\"s6\"><span class=\"bumpedFont15\">, <\/span><\/span><span class=\"s6\"><span class=\"bumpedFont15\">tipo Menor Pre\u00e7o por Item<\/span><\/span><span class=\"s6\"><span class=\"bumpedFont15\">, <\/span><\/span><span class=\"s6\"><span class=\"bumpedFont15\">conforme consta no edital que se encontra \u00a0a disposi\u00e7\u00e3o de todos \u00a0os interessados na Prefeitura Municipal, onde poder\u00e3o obt\u00ea-lo<\/span><\/span><span class=\"s6\"><span class=\"bumpedFont15\"> ou atrav\u00e9s do site<\/span><\/span><a href=\"http:\/\/www.descoberto.mg.gov.br\/\"><span class=\"s8\"><span class=\"bumpedFont15\">http:\/\/www.descoberto.mg.gov.br<\/span><\/span><\/a><span class=\"s6\"><span class=\"bumpedFont15\">. Para conhecimento de todos os interessados, expediu-se o presente que ser\u00e1 afixado no lugar de costume, publicando-se na forma da lei. DESCOBERTO, <\/span><\/span><span class=\"s6\"><span class=\"bumpedFont15\">12<\/span><\/span><span class=\"s6\"><span class=\"bumpedFont15\">de <\/span><\/span><span class=\"s6\"><span class=\"bumpedFont15\">a<\/span><\/span><span class=\"s6\"><span class=\"bumpedFont15\">gosto<\/span><\/span><span class=\"s6\"><span class=\"bumpedFont15\"> de 202<\/span><\/span><span class=\"s6\"><span class=\"bumpedFont15\">4<\/span><\/span><span class=\"s6\"><span class=\"bumpedFont15\">.<\/span><\/span><\/p>\n<p class=\"s9\" style=\"text-align: center;\">\n<p class=\"s9\" style=\"text-align: center;\"><span class=\"s6\"><span class=\"bumpedFont15\">.<\/span><\/span><\/p>\n<p class=\"s4\" style=\"text-align: center;\"><span class=\"s10\"><span class=\"bumpedFont15\">________________<\/span><\/span><span class=\"s10\"><span class=\"bumpedFont15\">_______________________________________________<\/span><\/span><\/p>\n<p class=\"s4\" style=\"text-align: center;\"><span class=\"s10\"><span class=\"bumpedFont15\">Rua: Capit\u00e3o Bas\u00edlio n\u00ba 39 &#8211; Centro &#8211; Descoberto &#8211; MG &#8211; Cep 36690-000<\/span><\/span><\/p>\n<p class=\"s4\" style=\"text-align: center;\"><span class=\"s10\"><span class=\"bumpedFont15\">Tele-fax (32)<\/span><\/span><span class=\"s10\"><span class=\"bumpedFont15\"> 3265-1<\/span><\/span><span class=\"s10\"><span class=\"bumpedFont15\">740 \u2013 e-mail: <\/span><\/span><span class=\"s10\"><span class=\"bumpedFont15\">licitaca<\/span><\/span><span class=\"s10\"><span class=\"bumpedFont15\">o@descoberto.mg.gov.br<\/span><\/span><\/p>\n","protected":false},"excerpt":{"rendered":"<p>PREFEITURA MUNICIPAL DE DESCOBERTO AVISO DE LICITA\u00c7\u00c3O Licita\u00e7\u00e3o n\u00b0 067\/2024 Modalidade de Preg\u00e3o Presencial n\u00b0 027\/2024 O Munic\u00edpio de DESCOBERTO, na forma da lei, faz saber a todos quantos o presente edital virem, ou dele conhecimento tiverem, que a partir das 08:30h do dia 23 de agosto de 2024, na Prefeitura Municipal na sala da [&hellip;]<\/p>\n","protected":false},"author":246,"featured_media":0,"comment_status":"closed","ping_status":"closed","sticky":false,"template":"","format":"standard","meta":{"footnotes":""},"categories":[307],"tags":[],"class_list":["post-224116","post","type-post","status-publish","format-standard","hentry","category-editais"],"_links":{"self":[{"href":"https:\/\/diarioregionaldigital.com.br\/index.php?rest_route=\/wp\/v2\/posts\/224116","targetHints":{"allow":["GET"]}}],"collection":[{"href":"https:\/\/diarioregionaldigital.com.br\/index.php?rest_route=\/wp\/v2\/posts"}],"about":[{"href":"https:\/\/diarioregionaldigital.com.br\/index.php?rest_route=\/wp\/v2\/types\/post"}],"author":[{"embeddable":true,"href":"https:\/\/diarioregionaldigital.com.br\/index.php?rest_route=\/wp\/v2\/users\/246"}],"replies":[{"embeddable":true,"href":"https:\/\/diarioregionaldigital.com.br\/index.php?rest_route=%2Fwp%2Fv2%2Fcomments&post=224116"}],"version-history":[{"count":2,"href":"https:\/\/diarioregionaldigital.com.br\/index.php?rest_route=\/wp\/v2\/posts\/224116\/revisions"}],"predecessor-version":[{"id":224119,"href":"https:\/\/diarioregionaldigital.com.br\/index.php?rest_route=\/wp\/v2\/posts\/224116\/revisions\/224119"}],"wp:attachment":[{"href":"https:\/\/diarioregionaldigital.com.br\/index.php?rest_route=%2Fwp%2Fv2%2Fmedia&parent=224116"}],"wp:term":[{"taxonomy":"category","embeddable":true,"href":"https:\/\/diarioregionaldigital.com.br\/index.php?rest_route=%2Fwp%2Fv2%2Fcategories&post=224116"},{"taxonomy":"post_tag","embeddable":true,"href":"https:\/\/diarioregionaldigital.com.br\/index.php?rest_route=%2Fwp%2Fv2%2Ftags&post=224116"}],"curies":[{"name":"wp","href":"https:\/\/api.w.org\/{rel}","templated":true}]}}