{"id":224113,"date":"2024-08-13T03:03:48","date_gmt":"2024-08-13T06:03:48","guid":{"rendered":"https:\/\/diarioregionaldigital.com.br\/?p=224113"},"modified":"2024-08-13T03:06:07","modified_gmt":"2024-08-13T06:06:07","slug":"aviso-de-licitacao-n-069-13-08-2024","status":"publish","type":"post","link":"https:\/\/diarioregionaldigital.com.br\/?p=224113","title":{"rendered":"AVISO DE LICITA\u00c7\u00c3O 029 &#8211; 13\/08\/2024"},"content":{"rendered":"<p class=\"s4\" style=\"text-align: center;\"><span class=\"s5\"><span class=\"bumpedFont15\">PREFEITURA MUNICIPAL DE DESCOBERTO<\/span><\/span><\/p>\n<p class=\"s4\" style=\"text-align: center;\"><span class=\"s5\"><span class=\"bumpedFont15\">AVISO DE LICITA\u00c7\u00c3O<\/span><\/span><\/p>\n<p class=\"s4\" style=\"text-align: center;\"><span class=\"s5\"><span class=\"bumpedFont15\">Licita\u00e7\u00e3o n\u00b0 0<\/span><\/span><span class=\"s5\"><span class=\"bumpedFont15\">69<\/span><\/span><span class=\"s5\"><span class=\"bumpedFont15\">\/202<\/span><\/span><span class=\"s5\"><span class=\"bumpedFont15\">4<\/span><\/span><\/p>\n<p class=\"s4\" style=\"text-align: center;\"><span class=\"s5\"><span class=\"bumpedFont15\">Moda<\/span><\/span><span class=\"s5\"><span class=\"bumpedFont15\">li<\/span><\/span><span class=\"s5\"><span class=\"bumpedFont15\">dade de Preg\u00e3o Presencial n\u00b0 <\/span><\/span><span class=\"s5\"><span class=\"bumpedFont15\">0<\/span><\/span><span class=\"s5\"><span class=\"bumpedFont15\">29<\/span><\/span><span class=\"s5\"><span class=\"bumpedFont15\">\/202<\/span><\/span><span class=\"s5\"><span class=\"bumpedFont15\">4<\/span><\/span><\/p>\n<p class=\"s9\" style=\"text-align: center;\"><span class=\"s6\"><span class=\"bumpedFont15\">O Munic\u00edpio de DESCOBERTO, na forma da lei, faz saber a todos quantos o presente edital virem, ou dele conhecimento tiverem, que a par<\/span><\/span><span class=\"s6\"><span class=\"bumpedFont15\">tir das <\/span><\/span><span class=\"s6\"><span class=\"bumpedFont15\">1<\/span><\/span><span class=\"s6\"><span class=\"bumpedFont15\">0<\/span><\/span><span class=\"s6\"><span class=\"bumpedFont15\">:<\/span><\/span><span class=\"s6\"><span class=\"bumpedFont15\">3<\/span><\/span><span class=\"s6\"><span class=\"bumpedFont15\">0h do dia <\/span><\/span><span class=\"s6\"><span class=\"bumpedFont15\">23<\/span><\/span><span class=\"s6\"><span class=\"bumpedFont15\"> de <\/span><\/span><span class=\"s6\"><span class=\"bumpedFont15\">agosto<\/span><\/span><span class=\"s6\"><span class=\"bumpedFont15\"> de 202<\/span><\/span><span class=\"s6\"><span class=\"bumpedFont15\">4<\/span><\/span><span class=\"s6\"><span class=\"bumpedFont15\">, na Prefeitura Municipal na sala da comiss\u00e3o de licita\u00e7\u00e3o, localizada na rua CAPIT\u00c3O BAS\u00cdLIO, n\u00b0 39, bairro CENTRO, munic\u00edpio de DESCOBERTO, ser\u00e1 realizada licita\u00e7\u00e3o <\/span><\/span><span class=\"s6\"><span class=\"bumpedFont15\">na modalidade <\/span><\/span><span class=\"s6\"><span class=\"bumpedFont15\">PREG\u00c3O PRESENCIAL, objetivando o <\/span><\/span><span class=\"s6\"><span class=\"bumpedFont15\">REGISTRO<\/span><\/span> <span class=\"s6\"><span class=\"bumpedFont15\">DE PRE\u00c7OS PARA A C<\/span><\/span><span class=\"s6\"><span class=\"bumpedFont15\">ONTRATA\u00c7\u00c3O DE <\/span><\/span><span class=\"s6\"><span class=\"bumpedFont15\">EMPRESA <\/span><\/span><span class=\"s6\"><span class=\"bumpedFont15\">PARA PRESTAR SERVI\u00c7O DE FORNECIMENTO DE AMBUL\u00c2NCIA DE SUPORTE AVAN\u00c7ADO DE VIDA, PARA TRANSPORTE DE URG\u00caNCIA, DE PACIENTES EM ESTADO GRAVE, ATENDENDO A SECRETARIA MUNICIPAL<\/span><\/span><span class=\"s6\"><span class=\"bumpedFont15\"> DE SA\u00daDE<\/span><\/span> <span class=\"s6\"><span class=\"bumpedFont15\">D<\/span><\/span><span class=\"s6\"><span class=\"bumpedFont15\">A PREFEITURA DE DESCOBERT<\/span><\/span><span class=\"s6\"><span class=\"bumpedFont15\">O \u2013 MG<\/span><\/span><span class=\"s6\"><span class=\"bumpedFont15\">, <\/span><\/span><span class=\"s6\"><span class=\"bumpedFont15\">tipo Menor Pre\u00e7o por <\/span><\/span><span class=\"s6\"><span class=\"bumpedFont15\">LOTE<\/span><\/span><span class=\"s6\"><span class=\"bumpedFont15\">, <\/span><\/span><span class=\"s6\"><span class=\"bumpedFont15\">conforme consta no edital que se encontra \u00a0a disposi\u00e7\u00e3o de todos \u00a0os interessados na Prefeitura Municipal, onde poder\u00e3o obt\u00ea-lo<\/span><\/span><span class=\"s6\"><span class=\"bumpedFont15\"> ou atrav\u00e9s do site<\/span><\/span> <a href=\"http:\/\/www.descoberto.mg.gov.br\/\"><span class=\"s8\"><span class=\"bumpedFont15\">http:\/\/www.descoberto.mg.gov.br<\/span><\/span><\/a><span class=\"s6\"><span class=\"bumpedFont15\">. Para conhecimento de todos os interessados, expediu-se o presente que ser\u00e1 afixado no lugar de costume, publicando-se na forma da lei. DESCOBERTO, <\/span><\/span><span class=\"s6\"><span class=\"bumpedFont15\">12<\/span><\/span><span class=\"s6\"><span class=\"bumpedFont15\"> de <\/span><\/span><span class=\"s6\"><span class=\"bumpedFont15\">a<\/span><\/span><span class=\"s6\"><span class=\"bumpedFont15\">gosto<\/span><\/span><span class=\"s6\"><span class=\"bumpedFont15\"> de 202<\/span><\/span><span class=\"s6\"><span class=\"bumpedFont15\">4<\/span><\/span><span class=\"s6\"><span class=\"bumpedFont15\">.<\/span><\/span><\/p>\n<p class=\"s9\" style=\"text-align: center;\"><span class=\"s6\"><span class=\"bumpedFont15\">.<\/span><\/span><\/p>\n<p class=\"s4\" style=\"text-align: center;\"><span class=\"s10\"><span class=\"bumpedFont15\">________________<\/span><\/span><span class=\"s10\"><span class=\"bumpedFont15\">_______________________________________________<\/span><\/span><\/p>\n<p class=\"s4\" style=\"text-align: center;\"><span class=\"s10\"><span class=\"bumpedFont15\">Rua: Capit\u00e3o Bas\u00edlio n\u00ba 39 &#8211; Centro &#8211; Descoberto &#8211; MG &#8211; Cep 36690-000<\/span><\/span><\/p>\n<p class=\"s4\" style=\"text-align: center;\"><span class=\"s10\"><span class=\"bumpedFont15\">Tele-fax (32)<\/span><\/span><span class=\"s10\"><span class=\"bumpedFont15\"> 3265-1<\/span><\/span><span class=\"s10\"><span class=\"bumpedFont15\">740 \u2013 e-mail: <\/span><\/span><span class=\"s10\"><span class=\"bumpedFont15\">licitaca<\/span><\/span><span class=\"s10\"><span class=\"bumpedFont15\">o@descoberto.mg.gov.br<\/span><\/span><\/p>\n","protected":false},"excerpt":{"rendered":"<p>PREFEITURA MUNICIPAL DE DESCOBERTO AVISO DE LICITA\u00c7\u00c3O Licita\u00e7\u00e3o n\u00b0 069\/2024 Modalidade de Preg\u00e3o Presencial n\u00b0 029\/2024 O Munic\u00edpio de DESCOBERTO, na forma da lei, faz saber a todos quantos o presente edital virem, ou dele conhecimento tiverem, que a partir das 10:30h do dia 23 de agosto de 2024, na Prefeitura Municipal na sala da [&hellip;]<\/p>\n","protected":false},"author":246,"featured_media":0,"comment_status":"closed","ping_status":"closed","sticky":false,"template":"","format":"standard","meta":{"footnotes":""},"categories":[307,1],"tags":[],"class_list":["post-224113","post","type-post","status-publish","format-standard","hentry","category-editais","category-sem-categoria"],"_links":{"self":[{"href":"https:\/\/diarioregionaldigital.com.br\/index.php?rest_route=\/wp\/v2\/posts\/224113","targetHints":{"allow":["GET"]}}],"collection":[{"href":"https:\/\/diarioregionaldigital.com.br\/index.php?rest_route=\/wp\/v2\/posts"}],"about":[{"href":"https:\/\/diarioregionaldigital.com.br\/index.php?rest_route=\/wp\/v2\/types\/post"}],"author":[{"embeddable":true,"href":"https:\/\/diarioregionaldigital.com.br\/index.php?rest_route=\/wp\/v2\/users\/246"}],"replies":[{"embeddable":true,"href":"https:\/\/diarioregionaldigital.com.br\/index.php?rest_route=%2Fwp%2Fv2%2Fcomments&post=224113"}],"version-history":[{"count":4,"href":"https:\/\/diarioregionaldigital.com.br\/index.php?rest_route=\/wp\/v2\/posts\/224113\/revisions"}],"predecessor-version":[{"id":224121,"href":"https:\/\/diarioregionaldigital.com.br\/index.php?rest_route=\/wp\/v2\/posts\/224113\/revisions\/224121"}],"wp:attachment":[{"href":"https:\/\/diarioregionaldigital.com.br\/index.php?rest_route=%2Fwp%2Fv2%2Fmedia&parent=224113"}],"wp:term":[{"taxonomy":"category","embeddable":true,"href":"https:\/\/diarioregionaldigital.com.br\/index.php?rest_route=%2Fwp%2Fv2%2Fcategories&post=224113"},{"taxonomy":"post_tag","embeddable":true,"href":"https:\/\/diarioregionaldigital.com.br\/index.php?rest_route=%2Fwp%2Fv2%2Ftags&post=224113"}],"curies":[{"name":"wp","href":"https:\/\/api.w.org\/{rel}","templated":true}]}}