{"id":224110,"date":"2024-08-12T21:53:46","date_gmt":"2024-08-13T00:53:46","guid":{"rendered":"https:\/\/diarioregionaldigital.com.br\/?p=224110"},"modified":"2024-08-12T21:53:46","modified_gmt":"2024-08-13T00:53:46","slug":"bairros-da-regiao-norte-podem-ter-abastecimento-comprometido-nesta-quarta-14","status":"publish","type":"post","link":"https:\/\/diarioregionaldigital.com.br\/?p=224110","title":{"rendered":"Bairros da Regi\u00e3o Norte podem ter abastecimento comprometido nesta quarta, 14"},"content":{"rendered":"<p>Segundo informa\u00e7\u00f5es do site da Prefeitura de Juiz de Fora (PJF), dando continuidade \u00e0 manuten\u00e7\u00e3o na Esta\u00e7\u00e3o Elevat\u00f3ria de \u00c1gua Tratada (EEAT) S\u00e3o Judas I, a Companhia de Saneamento Municipal (Cesama) precisar\u00e1 suspender o fornecimento de \u00e1gua em alguns bairros da Regi\u00e3o Norte de Juiz de Fora nesta quarta-feira, 14. Aproveitando a manuten\u00e7\u00e3o, a companhia ir\u00e1 realizar, ainda, a remodela\u00e7\u00e3o da rede de \u00e1gua da Rua Ernesto Pancini, no bairro S\u00e3o Judas Tadeu. Ambos os trabalhos ser\u00e3o executados de 8h \u00e0s 17h e, desta forma, as seguintes localidades podem ter o abastecimento comprometido: S\u00e3o Judas Tadeu I e II, S\u00e3o Francisco de Paula, Verbo Divino, parte do Nova Benfica e adjac\u00eancias.<\/p>\n<p>Assim que os servi\u00e7os forem conclu\u00eddos, o sistema de abastecimento ser\u00e1 retomado, devendo ser regularizado ao longo da noite de quarta-feira.<\/p>\n","protected":false},"excerpt":{"rendered":"<p>Segundo informa\u00e7\u00f5es do site da Prefeitura de Juiz de Fora (PJF), dando continuidade \u00e0 manuten\u00e7\u00e3o na Esta\u00e7\u00e3o Elevat\u00f3ria de \u00c1gua Tratada (EEAT) S\u00e3o Judas I, a Companhia de Saneamento Municipal (Cesama) precisar\u00e1 suspender o fornecimento de \u00e1gua em alguns bairros da Regi\u00e3o Norte de Juiz de Fora nesta quarta-feira, 14. Aproveitando a manuten\u00e7\u00e3o, a companhia [&hellip;]<\/p>\n","protected":false},"author":246,"featured_media":224111,"comment_status":"closed","ping_status":"closed","sticky":false,"template":"","format":"standard","meta":{"footnotes":""},"categories":[253,436,440,439],"tags":[],"class_list":["post-224110","post","type-post","status-publish","format-standard","has-post-thumbnail","hentry","category-cidade","category-destaque-da-semana","category-destaques-do-dia","category-ultima-hora"],"_links":{"self":[{"href":"https:\/\/diarioregionaldigital.com.br\/index.php?rest_route=\/wp\/v2\/posts\/224110","targetHints":{"allow":["GET"]}}],"collection":[{"href":"https:\/\/diarioregionaldigital.com.br\/index.php?rest_route=\/wp\/v2\/posts"}],"about":[{"href":"https:\/\/diarioregionaldigital.com.br\/index.php?rest_route=\/wp\/v2\/types\/post"}],"author":[{"embeddable":true,"href":"https:\/\/diarioregionaldigital.com.br\/index.php?rest_route=\/wp\/v2\/users\/246"}],"replies":[{"embeddable":true,"href":"https:\/\/diarioregionaldigital.com.br\/index.php?rest_route=%2Fwp%2Fv2%2Fcomments&post=224110"}],"version-history":[{"count":1,"href":"https:\/\/diarioregionaldigital.com.br\/index.php?rest_route=\/wp\/v2\/posts\/224110\/revisions"}],"predecessor-version":[{"id":224112,"href":"https:\/\/diarioregionaldigital.com.br\/index.php?rest_route=\/wp\/v2\/posts\/224110\/revisions\/224112"}],"wp:featuredmedia":[{"embeddable":true,"href":"https:\/\/diarioregionaldigital.com.br\/index.php?rest_route=\/wp\/v2\/media\/224111"}],"wp:attachment":[{"href":"https:\/\/diarioregionaldigital.com.br\/index.php?rest_route=%2Fwp%2Fv2%2Fmedia&parent=224110"}],"wp:term":[{"taxonomy":"category","embeddable":true,"href":"https:\/\/diarioregionaldigital.com.br\/index.php?rest_route=%2Fwp%2Fv2%2Fcategories&post=224110"},{"taxonomy":"post_tag","embeddable":true,"href":"https:\/\/diarioregionaldigital.com.br\/index.php?rest_route=%2Fwp%2Fv2%2Ftags&post=224110"}],"curies":[{"name":"wp","href":"https:\/\/api.w.org\/{rel}","templated":true}]}}