{"id":224090,"date":"2024-08-09T19:30:07","date_gmt":"2024-08-09T22:30:07","guid":{"rendered":"https:\/\/diarioregionaldigital.com.br\/?p=224090"},"modified":"2024-08-09T19:30:07","modified_gmt":"2024-08-09T22:30:07","slug":"prefeitura-de-juiz-de-fora-emite-alerta-sobre-queda-de-temperatura-para-os-proximos-dias","status":"publish","type":"post","link":"https:\/\/diarioregionaldigital.com.br\/?p=224090","title":{"rendered":"Prefeitura de Juiz de Fora emite alerta sobre queda de temperatura para os pr\u00f3ximos dias"},"content":{"rendered":"<p>Segundo informa\u00e7\u00f5es do site da Prefeitura de Juiz de Fora (PJF), a\u00a0Defesa Civil de Juiz de Fora emitiu alerta sobre queda de temperatura, v\u00e1lido at\u00e9 a pr\u00f3xima quinta-feira, 15. Com probabilidade de decl\u00ednio podendo chegar a menos de 9\u00baC. A temperatura normal m\u00ednima do m\u00eas de agosto \u00e9 13,1\u00b0C.<\/p>\n<p>&nbsp;<\/p>\n<div>A Secretaria de Assist\u00eancia Social (SAS) da Prefeitura de Juiz de Fora (PJF) est\u00e1 com o servi\u00e7o de abordagem funcionando 24 horas, e\u00a0pode ser acionado pelos telefones 3692-8233 e 99807-0719.\u00a0Al\u00e9m disso, o Servi\u00e7o Especializado em Abordagem Social (Seas) contar\u00e1 com\u00a0 a distribui\u00e7\u00e3o de cobertores e lanches para a popula\u00e7\u00e3o em situa\u00e7\u00e3o de rua. O telefone da Defesa Civil, o 199, estar\u00e1 dispon\u00edvel para acionamento caso a popula\u00e7\u00e3o presencie algu\u00e9m em situa\u00e7\u00e3o de rua, o \u00f3rg\u00e3o ir\u00e1 direcionar para a Assist\u00eancia Social, para realizar o atendimento.<\/div>\n<p>&nbsp;<\/p>\n<div>Al\u00e9m dos espa\u00e7os fixos de acolhimento, vale ressaltar tamb\u00e9m que a popula\u00e7\u00e3o em situa\u00e7\u00e3o de rua tem direito \u00e0 gratuidade no Restaurante Popular.<\/div>\n<p>&nbsp;<\/p>\n<div>Unidade Centro:<\/div>\n<div>Rua Halfeld, 305,<\/div>\n<div>Segunda a sexta das 10h \u00e0s 14h<\/div>\n<div>S\u00e1bado, domingo e feriados das 11h \u00e0s 13h<\/div>\n<p>&nbsp;<\/p>\n<div>Unidade Benfica:<\/div>\n<div>Rua Diogo \u00c1lvares, 664, Benfica<\/div>\n<div>Todos os dias das 11h \u00e0s 13h<\/div>\n<div><\/div>\n<div><strong>Confira abaixo a m\u00ednima e m\u00e1xima aguardada para os pr\u00f3ximos dias:<\/strong><\/div>\n<p>&nbsp;<\/p>\n<div>Sexta (09\/08): M\u00ednima 16,1\u00b0; M\u00e1xima: 28,9\u00b0<\/div>\n<p>&nbsp;<\/p>\n<div>S\u00e1bado (10\/08):\u00a0 M\u00ednima 10,4\u00b0; M\u00e1xima: 18,2\u00b0<\/div>\n<p>&nbsp;<\/p>\n<div>Domingo (11\/08):\u00a0 M\u00ednima\u00a0 8,4\u00b0; M\u00e1xima:\u00a0 20,7\u00b0<\/div>\n<p>&nbsp;<\/p>\n<div>Segunda (12\/08):\u00a0 M\u00ednima 10,6\u00b0; M\u00e1xima: 25,1\u00b0<\/div>\n<p>&nbsp;<\/p>\n<div>Ter\u00e7a (13\/08):\u00a0 M\u00ednima\u00a0 8,5\u00b0; M\u00e1xima: 19,2\u00b0<\/div>\n<p>&nbsp;<\/p>\n<div>Quarta (14\/08):\u00a0 M\u00ednima\u00a0 8,7\u00b0; M\u00e1xima: 22,3\u00b0<\/div>\n<p>&nbsp;<\/p>\n<div>Quinta (15\/08):\u00a0 M\u00ednima 11,3\u00b0; M\u00e1xima:\u00a0 26,0\u00b0<\/div>\n<p>&nbsp;<\/p>\n<div>Sexta (16\/08):\u00a0 M\u00ednima\u00a0 12,5\u00b0; M\u00e1xima: 26,5\u00b0<\/div>\n<p>&nbsp;<\/p>\n<div>S\u00e1bado (17\/08):\u00a0 M\u00ednima 13,4\u00b0; M\u00e1xima: 25,7\u00b0<\/div>\n<div><\/div>\n<div>Valores consultados em diversos modelos meteorol\u00f3gicos, podendo variar de acordo com a dist\u00e2ncia dos dias.<\/div>\n<p>&nbsp;<\/p>\n<div>Para receber alertas da Defesa Civil, basta enviar uma mensagem de texto (SMS) para o n\u00famero 40199 informando o CEP da sua rua. O servi\u00e7o \u00e9 totalmente gratuito.<\/div>\n","protected":false},"excerpt":{"rendered":"<p>Segundo informa\u00e7\u00f5es do site da Prefeitura de Juiz de Fora (PJF), a\u00a0Defesa Civil de Juiz de Fora emitiu alerta sobre queda de temperatura, v\u00e1lido at\u00e9 a pr\u00f3xima quinta-feira, 15. Com probabilidade de decl\u00ednio podendo chegar a menos de 9\u00baC. A temperatura normal m\u00ednima do m\u00eas de agosto \u00e9 13,1\u00b0C. &nbsp; A Secretaria de Assist\u00eancia Social [&hellip;]<\/p>\n","protected":false},"author":246,"featured_media":224092,"comment_status":"closed","ping_status":"closed","sticky":false,"template":"","format":"standard","meta":{"footnotes":""},"categories":[253,436,440,439],"tags":[],"class_list":["post-224090","post","type-post","status-publish","format-standard","has-post-thumbnail","hentry","category-cidade","category-destaque-da-semana","category-destaques-do-dia","category-ultima-hora"],"_links":{"self":[{"href":"https:\/\/diarioregionaldigital.com.br\/index.php?rest_route=\/wp\/v2\/posts\/224090","targetHints":{"allow":["GET"]}}],"collection":[{"href":"https:\/\/diarioregionaldigital.com.br\/index.php?rest_route=\/wp\/v2\/posts"}],"about":[{"href":"https:\/\/diarioregionaldigital.com.br\/index.php?rest_route=\/wp\/v2\/types\/post"}],"author":[{"embeddable":true,"href":"https:\/\/diarioregionaldigital.com.br\/index.php?rest_route=\/wp\/v2\/users\/246"}],"replies":[{"embeddable":true,"href":"https:\/\/diarioregionaldigital.com.br\/index.php?rest_route=%2Fwp%2Fv2%2Fcomments&post=224090"}],"version-history":[{"count":1,"href":"https:\/\/diarioregionaldigital.com.br\/index.php?rest_route=\/wp\/v2\/posts\/224090\/revisions"}],"predecessor-version":[{"id":224093,"href":"https:\/\/diarioregionaldigital.com.br\/index.php?rest_route=\/wp\/v2\/posts\/224090\/revisions\/224093"}],"wp:featuredmedia":[{"embeddable":true,"href":"https:\/\/diarioregionaldigital.com.br\/index.php?rest_route=\/wp\/v2\/media\/224092"}],"wp:attachment":[{"href":"https:\/\/diarioregionaldigital.com.br\/index.php?rest_route=%2Fwp%2Fv2%2Fmedia&parent=224090"}],"wp:term":[{"taxonomy":"category","embeddable":true,"href":"https:\/\/diarioregionaldigital.com.br\/index.php?rest_route=%2Fwp%2Fv2%2Fcategories&post=224090"},{"taxonomy":"post_tag","embeddable":true,"href":"https:\/\/diarioregionaldigital.com.br\/index.php?rest_route=%2Fwp%2Fv2%2Ftags&post=224090"}],"curies":[{"name":"wp","href":"https:\/\/api.w.org\/{rel}","templated":true}]}}