{"id":224069,"date":"2024-08-08T19:34:22","date_gmt":"2024-08-08T22:34:22","guid":{"rendered":"https:\/\/diarioregionaldigital.com.br\/?p=224069"},"modified":"2024-08-08T19:34:22","modified_gmt":"2024-08-08T22:34:22","slug":"duda-e-ana-patricia-garantem-medalha-para-o-brasil-no-volei-de-praia","status":"publish","type":"post","link":"https:\/\/diarioregionaldigital.com.br\/?p=224069","title":{"rendered":"Duda e Ana Patr\u00edcia garantem medalha para o Brasil no v\u00f4lei de praia"},"content":{"rendered":"<p>O Brasil garantiu mais uma medalha nos Jogos Ol\u00edmpicos de Paris (Fran\u00e7a). Ela ser\u00e1 alcan\u00e7ada por Duda e Ana Patr\u00edcia na disputa do v\u00f4lei de praia feminino. Mas ainda falta definir se a conquista ser\u00e1 de prata ou ouro. Para chegaram \u00e0 final na modalidade, as brasileiras derrotaram as australianas Mariafe Artacho e Taliqua Clancy por 2 sets a 1 (parciais de 22-20, 21-15 e 15-12) nesta quinta-feira (8).<img decoding=\"async\" src=\"https:\/\/agenciabrasil.ebc.com.br\/ebc.png?id=1607107&amp;o=node\" \/><img decoding=\"async\" src=\"https:\/\/agenciabrasil.ebc.com.br\/ebc.gif?id=1607107&amp;o=node\" \/><\/p>\n<p>Na final as atuais l\u00edderes do ranking mundial da modalidade medir\u00e3o for\u00e7as com as canadenses Melissa Humana-Paredes e Brandie Wilkerson, a partir das 17h30 (hor\u00e1rio de Bras\u00edlia) da pr\u00f3xima sexta-feira (9).<\/p>\n<p>Duda e Ana Patr\u00edcia realizam uma \u00f3tima campanha nos Jogos de Paris, com cinco vit\u00f3rias por 2 sets a 0 nas partidas at\u00e9 as semifinais.<\/p>\n<p>Fonte: Ag\u00eancia Brasil<\/p>\n","protected":false},"excerpt":{"rendered":"<p>O Brasil garantiu mais uma medalha nos Jogos Ol\u00edmpicos de Paris (Fran\u00e7a). Ela ser\u00e1 alcan\u00e7ada por Duda e Ana Patr\u00edcia na disputa do v\u00f4lei de praia feminino. Mas ainda falta definir se a conquista ser\u00e1 de prata ou ouro. Para chegaram \u00e0 final na modalidade, as brasileiras derrotaram as australianas Mariafe Artacho e Taliqua Clancy [&hellip;]<\/p>\n","protected":false},"author":246,"featured_media":224070,"comment_status":"closed","ping_status":"closed","sticky":false,"template":"","format":"standard","meta":{"footnotes":""},"categories":[436,257,439],"tags":[],"class_list":["post-224069","post","type-post","status-publish","format-standard","has-post-thumbnail","hentry","category-destaque-da-semana","category-esporte","category-ultima-hora"],"_links":{"self":[{"href":"https:\/\/diarioregionaldigital.com.br\/index.php?rest_route=\/wp\/v2\/posts\/224069","targetHints":{"allow":["GET"]}}],"collection":[{"href":"https:\/\/diarioregionaldigital.com.br\/index.php?rest_route=\/wp\/v2\/posts"}],"about":[{"href":"https:\/\/diarioregionaldigital.com.br\/index.php?rest_route=\/wp\/v2\/types\/post"}],"author":[{"embeddable":true,"href":"https:\/\/diarioregionaldigital.com.br\/index.php?rest_route=\/wp\/v2\/users\/246"}],"replies":[{"embeddable":true,"href":"https:\/\/diarioregionaldigital.com.br\/index.php?rest_route=%2Fwp%2Fv2%2Fcomments&post=224069"}],"version-history":[{"count":1,"href":"https:\/\/diarioregionaldigital.com.br\/index.php?rest_route=\/wp\/v2\/posts\/224069\/revisions"}],"predecessor-version":[{"id":224071,"href":"https:\/\/diarioregionaldigital.com.br\/index.php?rest_route=\/wp\/v2\/posts\/224069\/revisions\/224071"}],"wp:featuredmedia":[{"embeddable":true,"href":"https:\/\/diarioregionaldigital.com.br\/index.php?rest_route=\/wp\/v2\/media\/224070"}],"wp:attachment":[{"href":"https:\/\/diarioregionaldigital.com.br\/index.php?rest_route=%2Fwp%2Fv2%2Fmedia&parent=224069"}],"wp:term":[{"taxonomy":"category","embeddable":true,"href":"https:\/\/diarioregionaldigital.com.br\/index.php?rest_route=%2Fwp%2Fv2%2Fcategories&post=224069"},{"taxonomy":"post_tag","embeddable":true,"href":"https:\/\/diarioregionaldigital.com.br\/index.php?rest_route=%2Fwp%2Fv2%2Ftags&post=224069"}],"curies":[{"name":"wp","href":"https:\/\/api.w.org\/{rel}","templated":true}]}}