{"id":224063,"date":"2024-08-08T19:31:03","date_gmt":"2024-08-08T22:31:03","guid":{"rendered":"https:\/\/diarioregionaldigital.com.br\/?p=224063"},"modified":"2024-08-08T19:31:03","modified_gmt":"2024-08-08T22:31:03","slug":"vice-governador-destaca-atuacao-do-ministerio-publico-de-minas-gerais-durante-congresso-estadual-da-entidade","status":"publish","type":"post","link":"https:\/\/diarioregionaldigital.com.br\/?p=224063","title":{"rendered":"Vice-governador destaca atua\u00e7\u00e3o do Minist\u00e9rio P\u00fablico de Minas Gerais durante Congresso Estadual da entidade"},"content":{"rendered":"<p>O vice-governador Professor Mateus participou, na quarta-feira (7\/8), em Belo Horizonte, da abertura do 15\u00ba Congresso Estadual do Minist\u00e9rio P\u00fablico de Minas Gerais, promovido pela Associa\u00e7\u00e3o Mineira do Minist\u00e9rio P\u00fablico (AMMP).<\/p>\n<p>O evento ter\u00e1 dura\u00e7\u00e3o de tr\u00eas dias, com\u00a0programa\u00e7\u00e3o composta por pain\u00e9is, palestras e apresenta\u00e7\u00f5es de teses envolvendo a tem\u00e1tica \u201cMinist\u00e9rio P\u00fablico: por uma atua\u00e7\u00e3o resolutiva\u201d.<\/p>\n<p>O congresso foi aberto com a palestra magna do vice-governador Professor Mateus, que destacou o perfil do Minist\u00e9rio P\u00fablico mineiro, que se destaca pela\u00a0atua\u00e7\u00e3o de resolver problemas e conflitos por meio da concilia\u00e7\u00e3o.<\/p>\n<p>\u201cO Minist\u00e9rio P\u00fablico de Minas Gerais v\u00eam atuando no sentido de encontrar constru\u00e7\u00f5es a partir da consensualidade com o\u00a0<a href=\"https:\/\/www.mg.gov.br\/\" target=\"_blank\" rel=\"noopener\">Governo do Estado<\/a>\u00a0e outros entes p\u00fablicos\u201d, salientou.<br \/>\n&nbsp;<\/p>\n<table border=\"0\" cellspacing=\"1\" cellpadding=\"1\" align=\"center\">\n<tbody>\n<tr>\n<td colspan=\"5\"><img decoding=\"async\" src=\"https:\/\/www.agenciaminas.mg.gov.br\/ckeditor_assets\/pictures\/20949\/content_2_olho_topo.jpg\" alt=\"\" \/><\/td>\n<\/tr>\n<tr>\n<td><\/td>\n<td colspan=\"3\" rowspan=\"3\">\n<h1><strong>&#8220;Fico muito feliz em ver que a experi\u00eancia que temos acumulado em Minas Gerais \u00e9 de termos no Minist\u00e9rio P\u00fablico um mecanismo para destravar problemas. Aquele que traz as solu\u00e7\u00f5es e\u00a0\u00e9 capaz de encerrar conflitos, trazendo a pacifica\u00e7\u00e3o social&#8221;, concluiu Professor Mateus.<\/strong><\/h1>\n<\/td>\n<td><\/td>\n<\/tr>\n<tr>\n<td><\/td>\n<td><\/td>\n<\/tr>\n<tr>\n<td><\/td>\n<td><\/td>\n<\/tr>\n<tr>\n<td colspan=\"5\"><img decoding=\"async\" src=\"https:\/\/www.agenciaminas.mg.gov.br\/ckeditor_assets\/pictures\/20950\/content_2_olho_inferior.jpg\" alt=\"\" \/><\/td>\n<\/tr>\n<\/tbody>\n<\/table>\n<p>A previs\u00e3o \u00e9 a de que o encontro re\u00fana em torno de 400 congressistas, promotores, procuradores de Justi\u00e7a e outros convidados em \u00e2mbito estadual e nacional.<\/p>\n<p><strong>AMMP<\/strong><\/p>\n<p>A Associa\u00e7\u00e3o Mineira do Minist\u00e9rio P\u00fablico \u00e9 uma entidade que congrega promotores e procuradores de Justi\u00e7a de Minas e pensionistas, que tem como principais finalidades a representa\u00e7\u00e3o e defesa dos direitos, garantias, autonomias, prerrogativas, interesses e reinvindica\u00e7\u00f5es dos membros do Minist\u00e9rio P\u00fablico.<\/p>\n<p><strong>Medalha da Inconfid\u00eancia<\/strong><\/p>\n<p>O vice-governador Professor Mateus entregou a Medalha da Inconfid\u00eancia ao procurador-geral de Justi\u00e7a do Rio de Janeiro, Luciano Mattos.<\/p>\n<p>Ele foi um dos homenageados com a honraria, que marca as celebra\u00e7\u00f5es do Dia de Tiradentes (21\/4), m\u00e1rtir da Inconfid\u00eancia Mineira, mas n\u00e3o p\u00f4de estar presente na cerim\u00f4nia realizada em Ouro Preto.<\/p>\n<p>Fonte: Ag\u00eancia Minas<\/p>\n","protected":false},"excerpt":{"rendered":"<p>O vice-governador Professor Mateus participou, na quarta-feira (7\/8), em Belo Horizonte, da abertura do 15\u00ba Congresso Estadual do Minist\u00e9rio P\u00fablico de Minas Gerais, promovido pela Associa\u00e7\u00e3o Mineira do Minist\u00e9rio P\u00fablico (AMMP). O evento ter\u00e1 dura\u00e7\u00e3o de tr\u00eas dias, com\u00a0programa\u00e7\u00e3o composta por pain\u00e9is, palestras e apresenta\u00e7\u00f5es de teses envolvendo a tem\u00e1tica \u201cMinist\u00e9rio P\u00fablico: por uma atua\u00e7\u00e3o [&hellip;]<\/p>\n","protected":false},"author":246,"featured_media":224064,"comment_status":"closed","ping_status":"closed","sticky":false,"template":"","format":"standard","meta":{"footnotes":""},"categories":[436,440,261,254,252,439],"tags":[],"class_list":["post-224063","post","type-post","status-publish","format-standard","has-post-thumbnail","hentry","category-destaque-da-semana","category-destaques-do-dia","category-economia","category-politica","category-regiao","category-ultima-hora"],"_links":{"self":[{"href":"https:\/\/diarioregionaldigital.com.br\/index.php?rest_route=\/wp\/v2\/posts\/224063","targetHints":{"allow":["GET"]}}],"collection":[{"href":"https:\/\/diarioregionaldigital.com.br\/index.php?rest_route=\/wp\/v2\/posts"}],"about":[{"href":"https:\/\/diarioregionaldigital.com.br\/index.php?rest_route=\/wp\/v2\/types\/post"}],"author":[{"embeddable":true,"href":"https:\/\/diarioregionaldigital.com.br\/index.php?rest_route=\/wp\/v2\/users\/246"}],"replies":[{"embeddable":true,"href":"https:\/\/diarioregionaldigital.com.br\/index.php?rest_route=%2Fwp%2Fv2%2Fcomments&post=224063"}],"version-history":[{"count":1,"href":"https:\/\/diarioregionaldigital.com.br\/index.php?rest_route=\/wp\/v2\/posts\/224063\/revisions"}],"predecessor-version":[{"id":224065,"href":"https:\/\/diarioregionaldigital.com.br\/index.php?rest_route=\/wp\/v2\/posts\/224063\/revisions\/224065"}],"wp:featuredmedia":[{"embeddable":true,"href":"https:\/\/diarioregionaldigital.com.br\/index.php?rest_route=\/wp\/v2\/media\/224064"}],"wp:attachment":[{"href":"https:\/\/diarioregionaldigital.com.br\/index.php?rest_route=%2Fwp%2Fv2%2Fmedia&parent=224063"}],"wp:term":[{"taxonomy":"category","embeddable":true,"href":"https:\/\/diarioregionaldigital.com.br\/index.php?rest_route=%2Fwp%2Fv2%2Fcategories&post=224063"},{"taxonomy":"post_tag","embeddable":true,"href":"https:\/\/diarioregionaldigital.com.br\/index.php?rest_route=%2Fwp%2Fv2%2Ftags&post=224063"}],"curies":[{"name":"wp","href":"https:\/\/api.w.org\/{rel}","templated":true}]}}