{"id":224060,"date":"2024-08-08T19:29:36","date_gmt":"2024-08-08T22:29:36","guid":{"rendered":"https:\/\/diarioregionaldigital.com.br\/?p=224060"},"modified":"2024-08-08T19:29:36","modified_gmt":"2024-08-08T22:29:36","slug":"governo-de-minas-retoma-pavimentacao-da-mgc-455-entre-uberlandia-e-campo-florido","status":"publish","type":"post","link":"https:\/\/diarioregionaldigital.com.br\/?p=224060","title":{"rendered":"Governo de Minas retoma pavimenta\u00e7\u00e3o da MGC-455, entre Uberl\u00e2ndia e Campo Florido"},"content":{"rendered":"<p>O\u00a0<a href=\"https:\/\/www.mg.gov.br\/\" target=\"_blank\" rel=\"noopener\">Governo de Minas<\/a>, por meio do\u00a0<a href=\"https:\/\/www.der.mg.gov.br\/\" target=\"_blank\" rel=\"noopener\">DER-MG<\/a>, retomar\u00e1 a pavimenta\u00e7\u00e3o da rodovia MGC-455, entre Uberl\u00e2ndia e Campo Florido, no Tri\u00e2ngulo Mineiro.<\/p>\n<p>O vice-governador de Minas Gerais, Professor Matheus, anunciou a continuidade dessa obra durante a 16\u00aa edi\u00e7\u00e3o da Megacana Tech Show Brasil, em Campo Florido.<\/p>\n<p>\u201cEstamos, definitivamente, retomando a finaliza\u00e7\u00e3o da MGC-455, ligando Uberl\u00e2ndia a Campo Florido, com recursos garantidos\u201d, disse o vice-governador. \u201c\u00c9 uma satisfa\u00e7\u00e3o fazer esse an\u00fancio, al\u00e9m de comemorar as v\u00e1rias obras que conseguimos fazer na regi\u00e3o\u201d.<\/p>\n<p>As interven\u00e7\u00f5es ser\u00e3o feitas em uma extens\u00e3o de 53,04 quil\u00f4metros a partir da ponte sobre o rio Caba\u00e7al, sentido Campo Florido, trecho que corresponde ao lote 2. As obras est\u00e3o inclu\u00eddas no Provias, maior conjunto de obras de infraestrutura rodovi\u00e1ria da \u00faltima d\u00e9cada em Minas.<\/p>\n<p>O investimento \u00e9 estimado em R$ 200 milh\u00f5es e a previs\u00e3o \u00e9 a de que os trabalhos comecem em 2025, ap\u00f3s atualiza\u00e7\u00e3o do projeto de engenharia, levantamento de custos e licita\u00e7\u00e3o das obras.<\/p>\n<p>A continuidade da pavimenta\u00e7\u00e3o vai permitir maior integra\u00e7\u00e3o da regi\u00e3o Centro-oeste do Tri\u00e2ngulo Mineiro com o Sul e Sudeste do Tri\u00e2ngulo.<\/p>\n<p>Ap\u00f3s conclu\u00eddo, o trecho vai passar a ser uma alternativa de trajeto para quem se destina ao estado de S\u00e3o Paulo e desafogar\u00e1 o tr\u00e1fego da BR-050, da BR-364 e da BR-153.<\/p>\n<p>Al\u00e9m disso, a rodovia tem grande import\u00e2ncia para o escoamento da produ\u00e7\u00e3o de gr\u00e3os e a\u00e7\u00facar na regi\u00e3o, que abriga usinas do setor sucroalcooleiro.<\/p>\n<p>&nbsp;<\/p>\n<table border=\"0\" cellspacing=\"1\" cellpadding=\"1\" align=\"center\">\n<tbody>\n<tr>\n<td colspan=\"5\"><img decoding=\"async\" src=\"https:\/\/www.agenciaminas.mg.gov.br\/ckeditor_assets\/pictures\/20949\/content_2_olho_topo.jpg\" alt=\"\" \/><\/td>\n<\/tr>\n<tr>\n<td><\/td>\n<td colspan=\"3\" rowspan=\"3\">\n<h1><strong>&#8220;O governador Romeu Zema tem um compromisso que \u00e9 acabar com o cemit\u00e9rio de obras abandonadas no estado. Terminar a obra Uberl\u00e2ndia Campo Florido \u00e9 uma quest\u00e3o de responsabilidade&#8221;, refor\u00e7ou Professor Mateus.<\/strong><\/h1>\n<\/td>\n<td><\/td>\n<\/tr>\n<tr>\n<td><\/td>\n<td><\/td>\n<\/tr>\n<tr>\n<td><\/td>\n<td><\/td>\n<\/tr>\n<tr>\n<td colspan=\"5\"><img decoding=\"async\" src=\"https:\/\/www.agenciaminas.mg.gov.br\/ckeditor_assets\/pictures\/20950\/content_2_olho_inferior.jpg\" alt=\"\" \/><\/td>\n<\/tr>\n<\/tbody>\n<\/table>\n<p><strong>Hist\u00f3rico<\/strong><\/p>\n<p>A rodovia MGC-455, entre Uberl\u00e2ndia e Campo Florido, tem a extens\u00e3o total de 107,7 quil\u00f4metros e a pavimenta\u00e7\u00e3o, iniciada em 2010, foi dividida em dois lotes. O primeiro, com 54,66 quil\u00f4metros, entre Uberl\u00e2ndia at\u00e9 a ponte sobre o rio Caba\u00e7al, j\u00e1 foi conclu\u00eddo em 2019.<\/p>\n<p>No lote 1 foram investidos, conforme a \u00faltima medi\u00e7\u00e3o dos servi\u00e7os, R$ 97,4 milh\u00f5es na pavimenta\u00e7\u00e3o e R$ 4,5 milh\u00f5es para a constru\u00e7\u00e3o das pontes sobre o rio do Peixe e rio Piracanjuba, totalizando R$ 101,9 milh\u00f5es.<\/p>\n<p><strong>Provias<\/strong><\/p>\n<p>Na regi\u00e3o, recentemente, por meio do Provias, o Governo de Minas concluiu a recupera\u00e7\u00e3o funcional de 12,4 quil\u00f4metros que envolve tr\u00eas segmentos rodovi\u00e1rios: a LMG-733 &#8211; entre MGC-455 (Pirajuba) e a cidade de Frutal -, a MGC-455, entre Campo Florido e Pirajuba, e a MGC-455 na altura do trevo para Pirajuba.<\/p>\n<p>O Provias tem como objetivo reverter a situa\u00e7\u00e3o prec\u00e1ria em que se encontram muitas rodovias mineiras devido ao baixo investimento realizado por gest\u00f5es anteriores na manuten\u00e7\u00e3o das estradas.<\/p>\n<p>O programa, lan\u00e7ado em abril de 2022, j\u00e1 conta cerca de R$ 4,6 bilh\u00f5es em investimentos, que est\u00e3o sendo aplicados em de 143 interven\u00e7\u00f5es em rodovias de Norte a Sul do estado, o que corresponde a 4,14 mil quil\u00f4metros de melhorias.<\/p>\n<p>O Provias se divide em dois eixos: recupera\u00e7\u00e3o funcional, com objetivo de promover melhorias no pavimento das estradas em pior estado de conserva\u00e7\u00e3o; e pavimenta\u00e7\u00e3o e constru\u00e7\u00e3o de pontes, com foco em viabilizar novas liga\u00e7\u00f5es entre importantes regi\u00f5es de Minas Gerais.<\/p>\n<p>O programa tem potencial de adicionar ao Produto Interno Bruto (PIB) mineiro o montante de R$ 1,3 bilh\u00e3o e aumentar a arrecada\u00e7\u00e3o com impostos indiretos em cerca de R$ 225 milh\u00f5es.<\/p>\n<p><strong>Megacana<\/strong><\/p>\n<p>O vice-governador iniciou discurso reconhecendo a import\u00e2ncia do setor sucroalcooleiro para Minas Gerais.<\/p>\n<p>&#8220;Eu sei do cuidado que o Governo do Estado tem com o setor sucroalcoleiro. E sei que tudo que foi constru\u00eddo at\u00e9 aqui foi pelo bra\u00e7o de voc\u00eas, com muitos resultados positivos hoje, para Minas e para o Brasil. Ent\u00e3o, parab\u00e9ns para voc\u00eas&#8221;.<\/p>\n<p>Professor Mateus lembrou que Minas tem a segunda maior \u00e1rea de cana plantada do pa\u00eds. E que Campo Florido cresceu neste setor,\u00a0 investindo em\u00a0lavouras de cana.<\/p>\n<p>&#8220;A produ\u00e7\u00e3o rural de Minas alcan\u00e7ou quase o tamanho\u00a0referente a da\u00a0minera\u00e7\u00e3o. E o setor sucroalcooleiro cresceu mais do que os outros do agroneg\u00f3cio nos \u00faltimos anos. Destaco ainda a performance do setor, dentro das regras ambientais e que colabora para a descarboniza\u00e7\u00e3o&#8221;.<\/p>\n<p>O vice-governador tamb\u00e9m apontou avan\u00e7os no setor na produ\u00e7\u00e3o de energia verde.<\/p>\n<p>&#8220;Temos feito dever de casa no setor sucroenerg\u00e9tico e sou muito orgulhoso disso. Continuamos avan\u00e7ando&#8221;, destacou.<\/p>\n<p>A 16\u00aa edi\u00e7\u00e3o da Megacana Tech Show Brasil est\u00e1 sendo realizada durante os dias 7 e 8\/8, em Campo Florido, para discutir as inova\u00e7\u00f5es do setor sucroenerg\u00e9tico no Brasil, com palestras, debates t\u00e9cnicos e estandes com os principais fornecedores do setor.<\/p>\n<p>A feira \u00e9 realizada pela Associa\u00e7\u00e3o dos Fornecedores de Cana da Regi\u00e3o de Campo Florido (Canacampo) e pela da Associa\u00e7\u00e3o das Ind\u00fastrias Sucroenerg\u00e9ticas de Minas Gerais (Siamig Bioenergia), abordando assuntos como o cen\u00e1rio econ\u00f4mico global para o agro, tend\u00eancias para o mercado de trabalho e gest\u00e3o de pessoas, agricultura regenerativa e agroenergia.<\/p>\n<p>Em 2023, a feira recebeu cerca de 3 mil visitantes, proporcionando mais de 15 horas de conte\u00fados voltados para o setor sucroenerg\u00e9tico, mais de 60 marcas de fornecedores de insumos, m\u00e1quinas e equipamentos participaram da exposi\u00e7\u00e3o.<\/p>\n<p>Fonte: Ag\u00eancia Minas<\/p>\n","protected":false},"excerpt":{"rendered":"<p>O\u00a0Governo de Minas, por meio do\u00a0DER-MG, retomar\u00e1 a pavimenta\u00e7\u00e3o da rodovia MGC-455, entre Uberl\u00e2ndia e Campo Florido, no Tri\u00e2ngulo Mineiro. O vice-governador de Minas Gerais, Professor Matheus, anunciou a continuidade dessa obra durante a 16\u00aa edi\u00e7\u00e3o da Megacana Tech Show Brasil, em Campo Florido. \u201cEstamos, definitivamente, retomando a finaliza\u00e7\u00e3o da MGC-455, ligando Uberl\u00e2ndia a Campo [&hellip;]<\/p>\n","protected":false},"author":246,"featured_media":224061,"comment_status":"closed","ping_status":"closed","sticky":false,"template":"","format":"standard","meta":{"footnotes":""},"categories":[436,261,254,252,439],"tags":[],"class_list":["post-224060","post","type-post","status-publish","format-standard","has-post-thumbnail","hentry","category-destaque-da-semana","category-economia","category-politica","category-regiao","category-ultima-hora"],"_links":{"self":[{"href":"https:\/\/diarioregionaldigital.com.br\/index.php?rest_route=\/wp\/v2\/posts\/224060","targetHints":{"allow":["GET"]}}],"collection":[{"href":"https:\/\/diarioregionaldigital.com.br\/index.php?rest_route=\/wp\/v2\/posts"}],"about":[{"href":"https:\/\/diarioregionaldigital.com.br\/index.php?rest_route=\/wp\/v2\/types\/post"}],"author":[{"embeddable":true,"href":"https:\/\/diarioregionaldigital.com.br\/index.php?rest_route=\/wp\/v2\/users\/246"}],"replies":[{"embeddable":true,"href":"https:\/\/diarioregionaldigital.com.br\/index.php?rest_route=%2Fwp%2Fv2%2Fcomments&post=224060"}],"version-history":[{"count":1,"href":"https:\/\/diarioregionaldigital.com.br\/index.php?rest_route=\/wp\/v2\/posts\/224060\/revisions"}],"predecessor-version":[{"id":224062,"href":"https:\/\/diarioregionaldigital.com.br\/index.php?rest_route=\/wp\/v2\/posts\/224060\/revisions\/224062"}],"wp:featuredmedia":[{"embeddable":true,"href":"https:\/\/diarioregionaldigital.com.br\/index.php?rest_route=\/wp\/v2\/media\/224061"}],"wp:attachment":[{"href":"https:\/\/diarioregionaldigital.com.br\/index.php?rest_route=%2Fwp%2Fv2%2Fmedia&parent=224060"}],"wp:term":[{"taxonomy":"category","embeddable":true,"href":"https:\/\/diarioregionaldigital.com.br\/index.php?rest_route=%2Fwp%2Fv2%2Fcategories&post=224060"},{"taxonomy":"post_tag","embeddable":true,"href":"https:\/\/diarioregionaldigital.com.br\/index.php?rest_route=%2Fwp%2Fv2%2Ftags&post=224060"}],"curies":[{"name":"wp","href":"https:\/\/api.w.org\/{rel}","templated":true}]}}