{"id":224057,"date":"2024-08-08T19:28:29","date_gmt":"2024-08-08T22:28:29","guid":{"rendered":"https:\/\/diarioregionaldigital.com.br\/?p=224057"},"modified":"2024-08-08T19:28:29","modified_gmt":"2024-08-08T22:28:29","slug":"governo-de-minas-e-bdmg-ampliam-para-72-meses-prazo-de-financiamento-para-micro-e-pequenas-empresas-no-estado","status":"publish","type":"post","link":"https:\/\/diarioregionaldigital.com.br\/?p=224057","title":{"rendered":"Governo de Minas e BDMG ampliam para 72 meses prazo de financiamento para micro e pequenas empresas no estado"},"content":{"rendered":"<p>O\u00a0<a href=\"https:\/\/www.mg.gov.br\/\" target=\"_blank\" rel=\"noopener\">Governo de Minas<\/a>, por meio do\u00a0<a href=\"https:\/\/www.bdmg.mg.gov.br\/\" target=\"_blank\" rel=\"noopener\">Banco de Desenvolvimento de Minas Gerais (BDMG)<\/a>, ampliou para 72 meses o prazo de financiamento para as micro e pequenas empresas.<\/p>\n<p>A condi\u00e7\u00e3o \u00e9 in\u00e9dita para capital de giro e est\u00e1 dispon\u00edvel por tempo limitado a pequenos neg\u00f3cios localizados em todos os 853 munic\u00edpios do estado.<\/p>\n<p>O an\u00fancio foi feito nesta quinta-feira (8\/8) pelo governador Romeu Zema em v\u00eddeo enviado ao \u201cEncontro Correspondentes Banc\u00e1rios BDMG 2024\u201d, realizado na sede do banco com a presen\u00e7a de representantes comerciais que atuam em todas as regi\u00f5es de Minas.<\/p>\n<p>Na avalia\u00e7\u00e3o do governador, o prazo alongado &#8211; antes eram at\u00e9 48 meses para pagar -, \u00e9 mais uma iniciativa do Governo de Minas para estimular os pequenos neg\u00f3cios que t\u00eam papel relevante na economia mineira e na gera\u00e7\u00e3o de empregos.<\/p>\n<p>&nbsp;<\/p>\n<table border=\"0\" cellspacing=\"1\" cellpadding=\"1\" align=\"center\">\n<tbody>\n<tr>\n<td colspan=\"5\"><img decoding=\"async\" src=\"https:\/\/www.agenciaminas.mg.gov.br\/ckeditor_assets\/pictures\/20949\/content_2_olho_topo.jpg\" alt=\"\" \/><\/td>\n<\/tr>\n<tr>\n<td><\/td>\n<td colspan=\"3\" rowspan=\"3\">\n<h1><strong>&#8220;Esse prazo estendido vai permitir que um n\u00famero maior de micro e pequenas empresas possa contratar o cr\u00e9dito para incrementar, aumentar a competitividade e equilibrar o caixa&#8221;, afirmou Romeu Zema em v\u00eddeo enviado ao evento.<\/strong><\/h1>\n<\/td>\n<td><\/td>\n<\/tr>\n<tr>\n<td><\/td>\n<td><\/td>\n<\/tr>\n<tr>\n<td><\/td>\n<td><\/td>\n<\/tr>\n<tr>\n<td colspan=\"5\"><img decoding=\"async\" src=\"https:\/\/www.agenciaminas.mg.gov.br\/ckeditor_assets\/pictures\/20950\/content_2_olho_inferior.jpg\" alt=\"\" \/><\/td>\n<\/tr>\n<\/tbody>\n<\/table>\n<p>O presidente do BDMG, Gabriel Vi\u00e9gas Neto, ressalta que essa \u00e9 mais uma medida para fortalecer esse perfil de empres\u00e1rios e que o contrato prev\u00ea, ainda, 12 meses de car\u00eancia para come\u00e7ar a pagar.<\/p>\n<p>\u201cQueremos ser o banco dos pequenos empreendedores, para que eles tenham acesso ao cr\u00e9dito com taxas reduzidas em rela\u00e7\u00e3o ao mercado, de forma r\u00e1pida e digital\u201d, disse.<\/p>\n<p>No primeiro semestre de 2024, o BDMG cresceu sua presen\u00e7a junto aos micro e pequenos empres\u00e1rios, com crescimento de 15% na libera\u00e7\u00e3o de cr\u00e9dito para esse p\u00fablico, respons\u00e1vel por 65% dos postos formais de trabalho gerados no estado nos primeiros cinco meses de 2024, segundo o Cadastro Geral dos Empregados e Desempregados (Caged).<\/p>\n<p><strong>Crescimento no interior<\/strong><\/p>\n<p>Para ampliar a atua\u00e7\u00e3o no interior de Minas e em munic\u00edpios de todos os portes, o BDMG ampliou em quase 200% o seu n\u00famero de correspondentes banc\u00e1rios desde 2019.<\/p>\n<p>Atualmente, s\u00e3o 826 profissionais, que fazem o atendimento presencial dos empreendedores e os apoiam no acesso ao cr\u00e9dito.<\/p>\n<p>O presidente explica que, por lei, o banco n\u00e3o pode ter ag\u00eancias, apenas a sede na capital. Dessa forma os correspondentes banc\u00e1rios s\u00e3o o bra\u00e7o do BDMG nos munic\u00edpios.<\/p>\n<p>\u201cEles fazem a capta\u00e7\u00e3o de clientes, recebem e encaminham propostas de cr\u00e9dito via plataforma digital, al\u00e9m de organizarem informa\u00e7\u00f5es e documentos complementares necess\u00e1rios \u00e0 opera\u00e7\u00e3o\u201d, pontua. Nesta quinta-feira, o evento no banco foi direcionado a eles, que s\u00e3o parceiros na concess\u00e3o de cr\u00e9dito.<\/p>\n<p>As contrata\u00e7\u00f5es do cr\u00e9dito com prazo ampliado, assim como todas as demais linhas do BDMG destinadas ao pequeno empreendedor, podem ser feitas por meio do\u00a0<a href=\"https:\/\/www.bdmg.mg.gov.br\/\" target=\"_blank\" rel=\"noopener\">site do banco<\/a>, em sua plataforma digital, ou a partir do contato com os correspondentes banc\u00e1rios, o que n\u00e3o implica em valores adicionais ao empres\u00e1rio.<\/p>\n<p><strong>Cr\u00e9dito gera oportunidades<\/strong><\/p>\n<p>O BDMG liberou R$ 1,44 bilh\u00e3o em cr\u00e9ditos contratados por empresas de todos os portes e prefeituras no primeiro semestre de 2024.<\/p>\n<p>O valor \u00e9 32% superior ao registrado no mesmo per\u00edodo do ano passado e o maior volume da hist\u00f3ria do banco para o per\u00edodo.<\/p>\n<p>O balan\u00e7o mostra os impactos dessa atua\u00e7\u00e3o alinhada \u00e0 pol\u00edtica de desenvolvimento econ\u00f4mico do Estado.<\/p>\n<p>Com os desembolsos do primeiro semestre foram incentivados 34 mil empregos, al\u00e9m de cerca de R$ 2,5 bilh\u00f5es em faturamento na economia mineira e R$ 52 milh\u00f5es em ICMS, conforme a matriz insumo-produto do BDMG.<\/p>\n<p>Fonte: Ag\u00eancia Minas<\/p>\n","protected":false},"excerpt":{"rendered":"<p>O\u00a0Governo de Minas, por meio do\u00a0Banco de Desenvolvimento de Minas Gerais (BDMG), ampliou para 72 meses o prazo de financiamento para as micro e pequenas empresas. A condi\u00e7\u00e3o \u00e9 in\u00e9dita para capital de giro e est\u00e1 dispon\u00edvel por tempo limitado a pequenos neg\u00f3cios localizados em todos os 853 munic\u00edpios do estado. O an\u00fancio foi feito [&hellip;]<\/p>\n","protected":false},"author":246,"featured_media":224058,"comment_status":"closed","ping_status":"closed","sticky":false,"template":"","format":"standard","meta":{"footnotes":""},"categories":[436,440,261,254,252,439],"tags":[],"class_list":["post-224057","post","type-post","status-publish","format-standard","has-post-thumbnail","hentry","category-destaque-da-semana","category-destaques-do-dia","category-economia","category-politica","category-regiao","category-ultima-hora"],"_links":{"self":[{"href":"https:\/\/diarioregionaldigital.com.br\/index.php?rest_route=\/wp\/v2\/posts\/224057","targetHints":{"allow":["GET"]}}],"collection":[{"href":"https:\/\/diarioregionaldigital.com.br\/index.php?rest_route=\/wp\/v2\/posts"}],"about":[{"href":"https:\/\/diarioregionaldigital.com.br\/index.php?rest_route=\/wp\/v2\/types\/post"}],"author":[{"embeddable":true,"href":"https:\/\/diarioregionaldigital.com.br\/index.php?rest_route=\/wp\/v2\/users\/246"}],"replies":[{"embeddable":true,"href":"https:\/\/diarioregionaldigital.com.br\/index.php?rest_route=%2Fwp%2Fv2%2Fcomments&post=224057"}],"version-history":[{"count":1,"href":"https:\/\/diarioregionaldigital.com.br\/index.php?rest_route=\/wp\/v2\/posts\/224057\/revisions"}],"predecessor-version":[{"id":224059,"href":"https:\/\/diarioregionaldigital.com.br\/index.php?rest_route=\/wp\/v2\/posts\/224057\/revisions\/224059"}],"wp:featuredmedia":[{"embeddable":true,"href":"https:\/\/diarioregionaldigital.com.br\/index.php?rest_route=\/wp\/v2\/media\/224058"}],"wp:attachment":[{"href":"https:\/\/diarioregionaldigital.com.br\/index.php?rest_route=%2Fwp%2Fv2%2Fmedia&parent=224057"}],"wp:term":[{"taxonomy":"category","embeddable":true,"href":"https:\/\/diarioregionaldigital.com.br\/index.php?rest_route=%2Fwp%2Fv2%2Fcategories&post=224057"},{"taxonomy":"post_tag","embeddable":true,"href":"https:\/\/diarioregionaldigital.com.br\/index.php?rest_route=%2Fwp%2Fv2%2Ftags&post=224057"}],"curies":[{"name":"wp","href":"https:\/\/api.w.org\/{rel}","templated":true}]}}