{"id":224051,"date":"2024-08-07T19:30:05","date_gmt":"2024-08-07T22:30:05","guid":{"rendered":"https:\/\/diarioregionaldigital.com.br\/?p=224051"},"modified":"2024-08-07T19:30:05","modified_gmt":"2024-08-07T22:30:05","slug":"desfile-da-copa-prefeitura-de-futebol-amador-2024-e-realizado-no-domingo-11","status":"publish","type":"post","link":"https:\/\/diarioregionaldigital.com.br\/?p=224051","title":{"rendered":"Desfile da Copa Prefeitura de Futebol Amador 2024 \u00e9 realizado no domingo, 11"},"content":{"rendered":"<p>Segundo informa\u00e7\u00f5es do site da Prefeitura de Juiz de Fora (PJF), a PJF informa que o desfile de abertura da Copa Prefeitura de Futebol Amador 2024 ser\u00e1 realizado no pr\u00f3ximo domingo, dia 11 de agosto, \u00e0s 9h, no Gin\u00e1sio Municipal. Com \u00f4nibus gratuito, o desfile \u00e9 aberto ao p\u00fablico e ser\u00e1 composto por 106 agremia\u00e7\u00f5es, representando 194 equipes, distribu\u00eddas em 14 categorias.<\/p>\n<p>Durante todo o evento, de 8h \u00e0s 12h, a \u00e1rea externa do Gin\u00e1sio ter\u00e1 o projeto &#8220;JF LAZER&#8221;, com v\u00e1rios brinquedos e atividades para as crian\u00e7as.<\/p>\n<p><strong>Linha especial<\/strong><\/p>\n<p>Em virtude do desfile de abertura da Copa Prefeitura de Futebol Amador 2024, a Secretaria de Mobilidade Urbana (SMU) da Prefeitura de Juiz de Fora (PJF) vai disponibilizar uma linha extra para levar o p\u00fablico at\u00e9 o local, a Linha 517_Est\u00e1dio. A linha parte da Avenida Itamar Franco\u00a0 992, em frente ao Procon, em dire\u00e7\u00e3o ao Gin\u00e1sio Municipal, a partir das 7h.<\/p>\n","protected":false},"excerpt":{"rendered":"<p>Segundo informa\u00e7\u00f5es do site da Prefeitura de Juiz de Fora (PJF), a PJF informa que o desfile de abertura da Copa Prefeitura de Futebol Amador 2024 ser\u00e1 realizado no pr\u00f3ximo domingo, dia 11 de agosto, \u00e0s 9h, no Gin\u00e1sio Municipal. Com \u00f4nibus gratuito, o desfile \u00e9 aberto ao p\u00fablico e ser\u00e1 composto por 106 agremia\u00e7\u00f5es, [&hellip;]<\/p>\n","protected":false},"author":246,"featured_media":224052,"comment_status":"closed","ping_status":"closed","sticky":false,"template":"","format":"standard","meta":{"footnotes":""},"categories":[253,436,440,439],"tags":[],"class_list":["post-224051","post","type-post","status-publish","format-standard","has-post-thumbnail","hentry","category-cidade","category-destaque-da-semana","category-destaques-do-dia","category-ultima-hora"],"_links":{"self":[{"href":"https:\/\/diarioregionaldigital.com.br\/index.php?rest_route=\/wp\/v2\/posts\/224051","targetHints":{"allow":["GET"]}}],"collection":[{"href":"https:\/\/diarioregionaldigital.com.br\/index.php?rest_route=\/wp\/v2\/posts"}],"about":[{"href":"https:\/\/diarioregionaldigital.com.br\/index.php?rest_route=\/wp\/v2\/types\/post"}],"author":[{"embeddable":true,"href":"https:\/\/diarioregionaldigital.com.br\/index.php?rest_route=\/wp\/v2\/users\/246"}],"replies":[{"embeddable":true,"href":"https:\/\/diarioregionaldigital.com.br\/index.php?rest_route=%2Fwp%2Fv2%2Fcomments&post=224051"}],"version-history":[{"count":1,"href":"https:\/\/diarioregionaldigital.com.br\/index.php?rest_route=\/wp\/v2\/posts\/224051\/revisions"}],"predecessor-version":[{"id":224053,"href":"https:\/\/diarioregionaldigital.com.br\/index.php?rest_route=\/wp\/v2\/posts\/224051\/revisions\/224053"}],"wp:featuredmedia":[{"embeddable":true,"href":"https:\/\/diarioregionaldigital.com.br\/index.php?rest_route=\/wp\/v2\/media\/224052"}],"wp:attachment":[{"href":"https:\/\/diarioregionaldigital.com.br\/index.php?rest_route=%2Fwp%2Fv2%2Fmedia&parent=224051"}],"wp:term":[{"taxonomy":"category","embeddable":true,"href":"https:\/\/diarioregionaldigital.com.br\/index.php?rest_route=%2Fwp%2Fv2%2Fcategories&post=224051"},{"taxonomy":"post_tag","embeddable":true,"href":"https:\/\/diarioregionaldigital.com.br\/index.php?rest_route=%2Fwp%2Fv2%2Ftags&post=224051"}],"curies":[{"name":"wp","href":"https:\/\/api.w.org\/{rel}","templated":true}]}}