{"id":224029,"date":"2024-08-06T20:51:47","date_gmt":"2024-08-06T23:51:47","guid":{"rendered":"https:\/\/diarioregionaldigital.com.br\/?p=224029"},"modified":"2024-08-06T20:51:47","modified_gmt":"2024-08-06T23:51:47","slug":"rebeca-andrade-sera-homenageada-com-a-medalha-tiradentes-no-rio","status":"publish","type":"post","link":"https:\/\/diarioregionaldigital.com.br\/?p=224029","title":{"rendered":"Rebeca Andrade ser\u00e1 homenageada com a Medalha Tiradentes, no Rio"},"content":{"rendered":"<p>Maior medalhista\u00a0ol\u00edmpica\u00a0do\u00a0Brasil, com seis medalhas na gin\u00e1stica art\u00edstica (dois ouros, tr\u00eas pratas e um bronze), Rebeca Andrade ser\u00e1 agraciada com a Medalha Tiradentes, principal\u00a0honraria concedida pela Assembleia Legislativa do Estado do Rio de Janeiro (Alerj). O projeto, de autoria do deputado Professor Josemar (PSOL), foi aprovado nesta ter\u00e7a-feira (6), em discuss\u00e3o \u00fanica,\u00a0um dia ap\u00f3s Rebeca ter\u00a0<a href=\"https:\/\/agenciabrasil.ebc.com.br\/esportes\/noticia\/2024-08\/rebeca-e-ouro-no-solo-e-vira-maior-medalhista-olimpica-do-brasil\" target=\"_blank\" rel=\"noopener\">conquistado a medalha de ouro<\/a>\u00a0na final do solo nas Olimp\u00edadas de Paris.<img decoding=\"async\" src=\"https:\/\/agenciabrasil.ebc.com.br\/ebc.png?id=1606790&amp;o=node\" \/><img decoding=\"async\" src=\"https:\/\/agenciabrasil.ebc.com.br\/ebc.gif?id=1606790&amp;o=node\" \/><\/p>\n<p>O parlamentar disse que a condecora\u00e7\u00e3o\u00a0n\u00e3o se deve somente \u00e0s conquistas esportivas da atleta, mas tamb\u00e9m \u00e9 um reconhecimento pelo seu papel na luta\u00a0contra o racismo, sendo uma voz em prol da igualdade, da diversidade e da justi\u00e7a social. O deputado tamb\u00e9m abriu coautoria a todos os deputados presentes na sess\u00e3o.<\/p>\n<p>\u201cEla emergiu como uma verdadeira inspira\u00e7\u00e3o n\u00e3o apenas pelos seus recordes e conquistas, mas tamb\u00e9m por sua jornada pessoal, marcada por desafios e obst\u00e1culos que ela superou com graciosidade e firmeza. Como mulher negra em um esporte historicamente dominado por atletas de outras origens \u00e9tnicas, Rebeca n\u00e3o apenas quebrou barreiras, mas redefiniu os limites do que \u00e9 poss\u00edvel alcan\u00e7ar\u201d, destacou\u00a0Professor Josemar.<\/p>\n<h2>Conquistas<\/h2>\n<p>A medalha ol\u00edmpica de ouro no solo, em Paris, foi a segunda de Rebeca, j\u00e1 que ela tamb\u00e9m foi campe\u00e3 na disputa de salto nas Olimp\u00edadas de T\u00f3quio. Al\u00e9m dos dois ouros, a atleta ainda ganhou em Paris duas medalhas de prata, no salto e no individual geral, bem como um bronze por equipes. J\u00e1 em T\u00f3quio, ela ainda ganhou medalha de prata no individual geral.<\/p>\n<p>Natural de Guarulhos, em S\u00e3o Paulo, a\u00a0ginasta estreou em Jogos Ol\u00edmpicos no Rio de Janeiro, em 2016, com apenas 17 anos \u00e0 \u00e9poca. Essas conquistas fizeram com que Rebeca Andrade se consolidasse como a recordista de p\u00f3dios brasileiros em toda a hist\u00f3ria dos Jogos Ol\u00edmpicos. A ginasta ultrapassou os cinco p\u00f3dios dos\u00a0velejadores brasileiros Robert Scheidt e Torben Grael. A atleta, de 25 anos, tamb\u00e9m j\u00e1 foi bicampe\u00e3 mundial no salto, em 2021 e 2023 e campe\u00e3 mundial do individual geral, em 2022.<\/p>\n<p>Fonte: Ag\u00eancia Brasil<\/p>\n","protected":false},"excerpt":{"rendered":"<p>Maior medalhista\u00a0ol\u00edmpica\u00a0do\u00a0Brasil, com seis medalhas na gin\u00e1stica art\u00edstica (dois ouros, tr\u00eas pratas e um bronze), Rebeca Andrade ser\u00e1 agraciada com a Medalha Tiradentes, principal\u00a0honraria concedida pela Assembleia Legislativa do Estado do Rio de Janeiro (Alerj). O projeto, de autoria do deputado Professor Josemar (PSOL), foi aprovado nesta ter\u00e7a-feira (6), em discuss\u00e3o \u00fanica,\u00a0um dia ap\u00f3s Rebeca [&hellip;]<\/p>\n","protected":false},"author":246,"featured_media":224030,"comment_status":"closed","ping_status":"closed","sticky":false,"template":"","format":"standard","meta":{"footnotes":""},"categories":[436,257,439],"tags":[],"class_list":["post-224029","post","type-post","status-publish","format-standard","has-post-thumbnail","hentry","category-destaque-da-semana","category-esporte","category-ultima-hora"],"_links":{"self":[{"href":"https:\/\/diarioregionaldigital.com.br\/index.php?rest_route=\/wp\/v2\/posts\/224029","targetHints":{"allow":["GET"]}}],"collection":[{"href":"https:\/\/diarioregionaldigital.com.br\/index.php?rest_route=\/wp\/v2\/posts"}],"about":[{"href":"https:\/\/diarioregionaldigital.com.br\/index.php?rest_route=\/wp\/v2\/types\/post"}],"author":[{"embeddable":true,"href":"https:\/\/diarioregionaldigital.com.br\/index.php?rest_route=\/wp\/v2\/users\/246"}],"replies":[{"embeddable":true,"href":"https:\/\/diarioregionaldigital.com.br\/index.php?rest_route=%2Fwp%2Fv2%2Fcomments&post=224029"}],"version-history":[{"count":1,"href":"https:\/\/diarioregionaldigital.com.br\/index.php?rest_route=\/wp\/v2\/posts\/224029\/revisions"}],"predecessor-version":[{"id":224031,"href":"https:\/\/diarioregionaldigital.com.br\/index.php?rest_route=\/wp\/v2\/posts\/224029\/revisions\/224031"}],"wp:featuredmedia":[{"embeddable":true,"href":"https:\/\/diarioregionaldigital.com.br\/index.php?rest_route=\/wp\/v2\/media\/224030"}],"wp:attachment":[{"href":"https:\/\/diarioregionaldigital.com.br\/index.php?rest_route=%2Fwp%2Fv2%2Fmedia&parent=224029"}],"wp:term":[{"taxonomy":"category","embeddable":true,"href":"https:\/\/diarioregionaldigital.com.br\/index.php?rest_route=%2Fwp%2Fv2%2Fcategories&post=224029"},{"taxonomy":"post_tag","embeddable":true,"href":"https:\/\/diarioregionaldigital.com.br\/index.php?rest_route=%2Fwp%2Fv2%2Ftags&post=224029"}],"curies":[{"name":"wp","href":"https:\/\/api.w.org\/{rel}","templated":true}]}}