{"id":224023,"date":"2024-08-06T20:47:51","date_gmt":"2024-08-06T23:47:51","guid":{"rendered":"https:\/\/diarioregionaldigital.com.br\/?p=224023"},"modified":"2024-08-06T20:47:51","modified_gmt":"2024-08-06T23:47:51","slug":"governador-se-encontra-com-pesquisadores-de-primeiro-satelite-desenvolvido-100-em-minas-gerais","status":"publish","type":"post","link":"https:\/\/diarioregionaldigital.com.br\/?p=224023","title":{"rendered":"Governador se encontra com pesquisadores de primeiro sat\u00e9lite desenvolvido 100% em Minas Gerais"},"content":{"rendered":"<p>O governador de Minas Gerais, Romeu Zema, se reuniu, nesta ter\u00e7a-feira (6\/8), com a equipe da Universidade Federal de S\u00e3o Jo\u00e3o del-Rei (UFSJ) respons\u00e1vel por desenvolver o primeiro sat\u00e9lite totalmente mineiro, a miss\u00e3o MGSAT-1.<\/p>\n<p>Romeu Zema parabenizou a equipe formada pelos professores Moacir de Souza Junior e Marcos Tomio Kakitani, al\u00e9m dos alunos Jo\u00e3o Pedro Polito Braga, Paulo Henrique Dutra Duarte, Hikari Beatriz Inafuku Takahashi e Ant\u00f4nio Eug\u00eanio Rosa Neto Salvador.<\/p>\n<p>Eles fazem parte do Laborat\u00f3rio Integrado de Sistemas Espaciais do curso de Engenharia de Telecomunica\u00e7\u00f5es da UFSJ, do campus Alto Paraopeba, na cidade de Ouro Branco.<\/p>\n<p>Ao lado do secret\u00e1rio de Estado de\u00a0<a href=\"https:\/\/desenvolvimento.mg.gov.br\/\" target=\"_blank\" rel=\"noopener\">Desenvolvimento Econ\u00f4mico (Sede-MG)<\/a>, Fernando Passalio, Zema conheceu o sat\u00e9lite que ganhou o nome de UaiSat, de 250 gramas e 5cm x 5cm de dimens\u00e3o, que dever\u00e1 ser lan\u00e7ado em outubro para o espa\u00e7o, pela Ag\u00eancia Espacial Indiana.<\/p>\n<p>O sat\u00e9lite tem como principal miss\u00e3o a valida\u00e7\u00e3o de tecnologia no ambiente espacial, mas tamb\u00e9m far\u00e1 coleta de dados que podem ser aplicados pelo agroneg\u00f3cio e de monitoramento de raios e tempestades, desenvolvido em parceria com o Instituto Nacional de Pesquisas Espaciais (Inpe).<\/p>\n<p>\u201cComo governador, fico muito orgulhoso de saber que temos um projeto t\u00e3o ousado aqui em Minas e que contou com a colabora\u00e7\u00e3o do\u00a0<a href=\"https:\/\/www.mg.gov.br\/\" target=\"_blank\" rel=\"noopener\">Governo de Minas<\/a>\u201d, observou Romeu Zema, em refer\u00eancia ao investimento de R$ 30 mil da\u00a0<a href=\"http:\/\/www.codemge.com.br\/\" target=\"_blank\" rel=\"noopener\">Companhia de Desenvolvimento de Minas Gerais (Codemge)<\/a>, vinculada \u00e0 Sede-MG.<\/p>\n<p>\u201cO governo est\u00e1 junto \u00e0 \u00e1rea de ci\u00eancia e tecnologia, que \u00e9 fundamental para o desenvolvimento econ\u00f4mico\u201d, destacou Romeu Zema, que recebeu ainda uma r\u00e9plica do sat\u00e9lite das m\u00e3os da equipe, formada por dois professores e quatro alunos.<\/p>\n<p>Fonte: Ag\u00eancia Minas<\/p>\n","protected":false},"excerpt":{"rendered":"<p>O governador de Minas Gerais, Romeu Zema, se reuniu, nesta ter\u00e7a-feira (6\/8), com a equipe da Universidade Federal de S\u00e3o Jo\u00e3o del-Rei (UFSJ) respons\u00e1vel por desenvolver o primeiro sat\u00e9lite totalmente mineiro, a miss\u00e3o MGSAT-1. Romeu Zema parabenizou a equipe formada pelos professores Moacir de Souza Junior e Marcos Tomio Kakitani, al\u00e9m dos alunos Jo\u00e3o Pedro [&hellip;]<\/p>\n","protected":false},"author":246,"featured_media":224024,"comment_status":"closed","ping_status":"closed","sticky":false,"template":"","format":"standard","meta":{"footnotes":""},"categories":[436,440,261,254,252,439],"tags":[],"class_list":["post-224023","post","type-post","status-publish","format-standard","has-post-thumbnail","hentry","category-destaque-da-semana","category-destaques-do-dia","category-economia","category-politica","category-regiao","category-ultima-hora"],"_links":{"self":[{"href":"https:\/\/diarioregionaldigital.com.br\/index.php?rest_route=\/wp\/v2\/posts\/224023","targetHints":{"allow":["GET"]}}],"collection":[{"href":"https:\/\/diarioregionaldigital.com.br\/index.php?rest_route=\/wp\/v2\/posts"}],"about":[{"href":"https:\/\/diarioregionaldigital.com.br\/index.php?rest_route=\/wp\/v2\/types\/post"}],"author":[{"embeddable":true,"href":"https:\/\/diarioregionaldigital.com.br\/index.php?rest_route=\/wp\/v2\/users\/246"}],"replies":[{"embeddable":true,"href":"https:\/\/diarioregionaldigital.com.br\/index.php?rest_route=%2Fwp%2Fv2%2Fcomments&post=224023"}],"version-history":[{"count":1,"href":"https:\/\/diarioregionaldigital.com.br\/index.php?rest_route=\/wp\/v2\/posts\/224023\/revisions"}],"predecessor-version":[{"id":224025,"href":"https:\/\/diarioregionaldigital.com.br\/index.php?rest_route=\/wp\/v2\/posts\/224023\/revisions\/224025"}],"wp:featuredmedia":[{"embeddable":true,"href":"https:\/\/diarioregionaldigital.com.br\/index.php?rest_route=\/wp\/v2\/media\/224024"}],"wp:attachment":[{"href":"https:\/\/diarioregionaldigital.com.br\/index.php?rest_route=%2Fwp%2Fv2%2Fmedia&parent=224023"}],"wp:term":[{"taxonomy":"category","embeddable":true,"href":"https:\/\/diarioregionaldigital.com.br\/index.php?rest_route=%2Fwp%2Fv2%2Fcategories&post=224023"},{"taxonomy":"post_tag","embeddable":true,"href":"https:\/\/diarioregionaldigital.com.br\/index.php?rest_route=%2Fwp%2Fv2%2Ftags&post=224023"}],"curies":[{"name":"wp","href":"https:\/\/api.w.org\/{rel}","templated":true}]}}