{"id":224020,"date":"2024-08-06T20:46:50","date_gmt":"2024-08-06T23:46:50","guid":{"rendered":"https:\/\/diarioregionaldigital.com.br\/?p=224020"},"modified":"2024-08-06T20:46:50","modified_gmt":"2024-08-06T23:46:50","slug":"governo-de-minas-anuncia-investimento-de-r-5-milhoes-para-a-ampliacao-de-hospital-em-ponte-nova","status":"publish","type":"post","link":"https:\/\/diarioregionaldigital.com.br\/?p=224020","title":{"rendered":"Governo de Minas anuncia investimento de R$ 5 milh\u00f5es para a amplia\u00e7\u00e3o de hospital em Ponte Nova"},"content":{"rendered":"<p>O\u00a0<a href=\"https:\/\/www.mg.gov.br\/\" target=\"_blank\" rel=\"noopener\">Governo de Minas<\/a>, por meio da\u00a0<a href=\"https:\/\/www.saude.mg.gov.br\/\" target=\"_blank\" rel=\"noopener\">Secretaria de Estado de Sa\u00fade de Minas Gerais (SES-MG)<\/a>, investir\u00e1 R$ 5 milh\u00f5es na implanta\u00e7\u00e3o do Centro de Parto Normal, da nova Central de Material e Esteriliza\u00e7\u00e3o (CME) e a reforma do Centro Cir\u00fargico do Hospital Nossa Senhora das Dores (HNSD), em Ponte Nova, na Zona da Mata.<\/p>\n<p>O an\u00fancio foi feito pelo secret\u00e1rio de Estado de Sa\u00fade de Minas Gerais, F\u00e1bio Baccheretti, nesta segunda-feira (5\/8), quando ele vistoriou o HNSD e o Hospital Arnaldo Gavazza (HAG) na cidade.<\/p>\n<p>O Estado investiu mais de R$ 17 milh\u00f5es nos dois hospitais, por meio da Pol\u00edtica de Aten\u00e7\u00e3o Hospitalar do Estado de Minas Gerais, o Valora Minas.<\/p>\n<p>\u201cS\u00e3o dois hospitais importantes na nossa pol\u00edtica do Valora Minas, que est\u00e3o recebendo uma amplia\u00e7\u00e3o de pouco mais de R$ 1 milh\u00e3o para mais de R$ 17 milh\u00f5es, onde a gente v\u00ea acontecer a sa\u00fade de qualidade\u201d, destacou Baccheretti.<\/p>\n<p>De acordo com o secret\u00e1rio de Sa\u00fade de Minas, \u201cestamos vivendo um momento de expans\u00e3o da sa\u00fade que nunca vivemos no estado de Minas, que tem a ver com o compromisso do governo com a sa\u00fade p\u00fablica\u201d.<\/p>\n<p>Tamb\u00e9m em benef\u00edcio de ambos os hospitais, foram viabilizados, via delibera\u00e7\u00f5es estaduais, dois mam\u00f3grafos e dois tom\u00f3grafos.<\/p>\n<p><strong>Amplia\u00e7\u00e3o do atendimento<\/strong><\/p>\n<p>No HAG, foram apresentadas as obras de constru\u00e7\u00e3o de novas \u00e1reas, de forma ampliar o Centro Cir\u00fargico, aumentar o n\u00famero de leitos cl\u00ednicos para interna\u00e7\u00e3o, criar novas alas e apartamentos para interna\u00e7\u00e3o, al\u00e9m de outras melhorias. Com a execu\u00e7\u00e3o das obras, o hospital tem capacidade para triplicar de tamanho, ampliando o atendimento.<\/p>\n<p>Para o presidente do Conselho Curador do HAG, Jos\u00e9 Bueno de Magalh\u00e3es, a expans\u00e3o de ambos os hospitais vai trazer in\u00fameros benef\u00edcios. \u201cA gente vai proporcionar ao usu\u00e1rio do Sistema \u00danico de Sa\u00fade (SUS) mais leitos e mais capacidade de fazer cirurgia, para que possamos expandir e atender a uma popula\u00e7\u00e3o de 700 mil habitantes\u201d, ressaltou.<\/p>\n<p>Fonte: Ag\u00eancia Minas<\/p>\n","protected":false},"excerpt":{"rendered":"<p>O\u00a0Governo de Minas, por meio da\u00a0Secretaria de Estado de Sa\u00fade de Minas Gerais (SES-MG), investir\u00e1 R$ 5 milh\u00f5es na implanta\u00e7\u00e3o do Centro de Parto Normal, da nova Central de Material e Esteriliza\u00e7\u00e3o (CME) e a reforma do Centro Cir\u00fargico do Hospital Nossa Senhora das Dores (HNSD), em Ponte Nova, na Zona da Mata. O an\u00fancio [&hellip;]<\/p>\n","protected":false},"author":246,"featured_media":224021,"comment_status":"closed","ping_status":"closed","sticky":false,"template":"","format":"standard","meta":{"footnotes":""},"categories":[436,440,261,254,252,439],"tags":[],"class_list":["post-224020","post","type-post","status-publish","format-standard","has-post-thumbnail","hentry","category-destaque-da-semana","category-destaques-do-dia","category-economia","category-politica","category-regiao","category-ultima-hora"],"_links":{"self":[{"href":"https:\/\/diarioregionaldigital.com.br\/index.php?rest_route=\/wp\/v2\/posts\/224020","targetHints":{"allow":["GET"]}}],"collection":[{"href":"https:\/\/diarioregionaldigital.com.br\/index.php?rest_route=\/wp\/v2\/posts"}],"about":[{"href":"https:\/\/diarioregionaldigital.com.br\/index.php?rest_route=\/wp\/v2\/types\/post"}],"author":[{"embeddable":true,"href":"https:\/\/diarioregionaldigital.com.br\/index.php?rest_route=\/wp\/v2\/users\/246"}],"replies":[{"embeddable":true,"href":"https:\/\/diarioregionaldigital.com.br\/index.php?rest_route=%2Fwp%2Fv2%2Fcomments&post=224020"}],"version-history":[{"count":1,"href":"https:\/\/diarioregionaldigital.com.br\/index.php?rest_route=\/wp\/v2\/posts\/224020\/revisions"}],"predecessor-version":[{"id":224022,"href":"https:\/\/diarioregionaldigital.com.br\/index.php?rest_route=\/wp\/v2\/posts\/224020\/revisions\/224022"}],"wp:featuredmedia":[{"embeddable":true,"href":"https:\/\/diarioregionaldigital.com.br\/index.php?rest_route=\/wp\/v2\/media\/224021"}],"wp:attachment":[{"href":"https:\/\/diarioregionaldigital.com.br\/index.php?rest_route=%2Fwp%2Fv2%2Fmedia&parent=224020"}],"wp:term":[{"taxonomy":"category","embeddable":true,"href":"https:\/\/diarioregionaldigital.com.br\/index.php?rest_route=%2Fwp%2Fv2%2Fcategories&post=224020"},{"taxonomy":"post_tag","embeddable":true,"href":"https:\/\/diarioregionaldigital.com.br\/index.php?rest_route=%2Fwp%2Fv2%2Ftags&post=224020"}],"curies":[{"name":"wp","href":"https:\/\/api.w.org\/{rel}","templated":true}]}}