{"id":224012,"date":"2024-08-06T00:44:32","date_gmt":"2024-08-06T03:44:32","guid":{"rendered":"https:\/\/diarioregionaldigital.com.br\/?p=224012"},"modified":"2024-08-05T23:45:49","modified_gmt":"2024-08-06T02:45:49","slug":"extrato-de-segundo-termo-aditivo-de-contrato-052-06-08-2024","status":"publish","type":"post","link":"https:\/\/diarioregionaldigital.com.br\/?p=224012","title":{"rendered":"EXTRATO DE SEGUNDO TERMO ADITIVO DE CONTRATO 052 &#8211; 06\/08\/2024"},"content":{"rendered":"<p class=\"s3\" style=\"text-align: center;\"><span class=\"s2\"><span class=\"bumpedFont17\">EXTRATO DE<\/span><\/span><span class=\"s2\"><span class=\"bumpedFont17\"> SEGUNDO<\/span><\/span><span class=\"s2\"><span class=\"bumpedFont17\"> TERMO ADITIVO DE<\/span><\/span><span class=\"s2\"><span class=\"bumpedFont17\"> CONTRATO<\/span><\/span><\/p>\n<p class=\"s4\" style=\"text-align: center;\"><span class=\"s2\"><span class=\"bumpedFont17\">2<\/span><\/span><span class=\"s2\"><span class=\"bumpedFont17\">\u00ba Termo Aditivo. <\/span><\/span><span class=\"s2\"><span class=\"bumpedFont17\">Pre<\/span><\/span><span class=\"s2\"><span class=\"bumpedFont17\">f. Mu<\/span><\/span><span class=\"s2\"><span class=\"bumpedFont17\">nicipal de Descoberto x <\/span><\/span><span class=\"s2\"><span class=\"bumpedFont17\">Mec\u00e2nica Carneirinho Ltda<\/span><\/span> <span class=\"s2\"><span class=\"bumpedFont17\">&#8211; Objeto: <\/span><\/span><span class=\"s2\"><span class=\"bumpedFont17\">A modifica\u00e7\u00e3o do prazo de vig\u00eancia do contrato, que passar\u00e1 a vig<\/span><\/span><span class=\"s2\"><span class=\"bumpedFont17\">orar de 2<\/span><\/span><span class=\"s2\"><span class=\"bumpedFont17\">4<\/span><\/span><span class=\"s2\"><span class=\"bumpedFont17\">\/07\/202<\/span><\/span><span class=\"s2\"><span class=\"bumpedFont17\">4<\/span><\/span><span class=\"s2\"><span class=\"bumpedFont17\"> a 2<\/span><\/span><span class=\"s2\"><span class=\"bumpedFont17\">4<\/span><\/span><span class=\"s2\"><span class=\"bumpedFont17\">\/07\/202<\/span><\/span><span class=\"s2\"><span class=\"bumpedFont17\">5<\/span><\/span> <span class=\"s2\"><span class=\"bumpedFont17\">&#8211; Fundamento:<\/span><\/span> <span class=\"s2\"><span class=\"bumpedFont17\">Preg\u00e3o <\/span><\/span><span class=\"s2\"><span class=\"bumpedFont17\">n\u00ba<\/span><\/span><span class=\"s2\"><span class=\"bumpedFont17\"> 019<\/span><\/span><span class=\"s2\"><span class=\"bumpedFont17\">\/2022<\/span><\/span> <span class=\"s2\"><span class=\"bumpedFont17\">\u2013<\/span><\/span> <span class=\"s2\"><span class=\"bumpedFont17\">Valor Global<\/span><\/span><span class=\"s2\"><span class=\"bumpedFont17\">:<\/span><\/span> <span class=\"s2\"><span class=\"bumpedFont17\">244.400,07<\/span><\/span> <span class=\"s2\"><span class=\"bumpedFont17\">\u2013 Vig\u00eancia:<\/span><\/span> <span class=\"s2\"><span class=\"bumpedFont17\">1<\/span><\/span><span class=\"s2\"><span class=\"bumpedFont17\">2<\/span><\/span><span class=\"s2\"><span class=\"bumpedFont17\"> meses<\/span><\/span> <span class=\"s2\"><span class=\"bumpedFont17\">\u2013 <\/span><\/span><span class=\"s2\"><span class=\"bumpedFont17\">Dot<\/span><\/span> <span class=\"s2\"><span class=\"bumpedFont17\">or\u00e7<\/span><\/span><span class=\"s2\"><span class=\"bumpedFont17\">:<\/span><\/span><span class=\"s2\"><span class=\"bumpedFont17\"> 02.02002.04.181.0002.222-339030\/100- 02.02007.08.243.0002.22-339030\/129- 02.02001.04.122.0002.202-339039\/100- 02.02004.12.361.0003.255-339030\/145- 02.02005.10.301.0004.284-339030\/102- 02.02006.15.122.0002.201-339039\/100- 02.02008.08.244.0011<\/span><\/span><span class=\"s2\"><span class=\"bumpedFont17\">.<\/span><\/span><span class=\"s2\"><span class=\"bumpedFont17\">231-339030\/129-<\/span><\/span> <span class=\"s2\"><span class=\"bumpedFont17\">&#8211; <\/span><\/span><span class=\"s2\"><span class=\"bumpedFont17\">Ass<\/span><\/span><span class=\"s2\"><span class=\"bumpedFont17\">: <\/span><\/span><span class=\"s2\"><span class=\"bumpedFont17\">2<\/span><\/span><span class=\"s2\"><span class=\"bumpedFont17\">4<\/span><\/span><span class=\"s2\"><span class=\"bumpedFont17\">\/<\/span><\/span><span class=\"s2\"><span class=\"bumpedFont17\">07<\/span><\/span><span class=\"s2\"><span class=\"bumpedFont17\">\/202<\/span><\/span><span class=\"s2\"><span class=\"bumpedFont17\">4<\/span><\/span><span class=\"s2\"><span class=\"bumpedFont17\">&#8211; Foro: S\u00e3o Jo\u00e3o Nepomuceno\/MG<\/span><\/span><span class=\"s2\"><span class=\"bumpedFont17\">.<\/span><\/span><\/p>\n<p class=\"s5\" style=\"text-align: center;\">\n<p class=\"s5\" style=\"text-align: center;\">\n<p class=\"s5\" style=\"text-align: center;\">\n<p class=\"s5\" style=\"text-align: center;\">\n<p class=\"s5\" style=\"text-align: center;\">\n<p class=\"s6\" style=\"text-align: center;\"><span class=\"s2\"><span class=\"bumpedFont17\">Marcos de Ara\u00fajo Lima<\/span><\/span><\/p>\n<p class=\"s6\" style=\"text-align: center;\"><span class=\"s2\"><span class=\"bumpedFont17\">Prefeito Municipal<\/span><\/span><\/p>\n<p class=\"s6\" style=\"text-align: center;\">\n","protected":false},"excerpt":{"rendered":"<p>EXTRATO DE SEGUNDO TERMO ADITIVO DE CONTRATO 2\u00ba Termo Aditivo. Pref. Municipal de Descoberto x Mec\u00e2nica Carneirinho Ltda &#8211; Objeto: A modifica\u00e7\u00e3o do prazo de vig\u00eancia do contrato, que passar\u00e1 a vigorar de 24\/07\/2024 a 24\/07\/2025 &#8211; Fundamento: Preg\u00e3o n\u00ba 019\/2022 \u2013 Valor Global: 244.400,07 \u2013 Vig\u00eancia: 12 meses \u2013 Dot or\u00e7: 02.02002.04.181.0002.222-339030\/100- 02.02007.08.243.0002.22-339030\/129- 02.02001.04.122.0002.202-339039\/100- [&hellip;]<\/p>\n","protected":false},"author":246,"featured_media":0,"comment_status":"closed","ping_status":"closed","sticky":false,"template":"","format":"standard","meta":{"footnotes":""},"categories":[307],"tags":[],"class_list":["post-224012","post","type-post","status-publish","format-standard","hentry","category-editais"],"_links":{"self":[{"href":"https:\/\/diarioregionaldigital.com.br\/index.php?rest_route=\/wp\/v2\/posts\/224012","targetHints":{"allow":["GET"]}}],"collection":[{"href":"https:\/\/diarioregionaldigital.com.br\/index.php?rest_route=\/wp\/v2\/posts"}],"about":[{"href":"https:\/\/diarioregionaldigital.com.br\/index.php?rest_route=\/wp\/v2\/types\/post"}],"author":[{"embeddable":true,"href":"https:\/\/diarioregionaldigital.com.br\/index.php?rest_route=\/wp\/v2\/users\/246"}],"replies":[{"embeddable":true,"href":"https:\/\/diarioregionaldigital.com.br\/index.php?rest_route=%2Fwp%2Fv2%2Fcomments&post=224012"}],"version-history":[{"count":1,"href":"https:\/\/diarioregionaldigital.com.br\/index.php?rest_route=\/wp\/v2\/posts\/224012\/revisions"}],"predecessor-version":[{"id":224013,"href":"https:\/\/diarioregionaldigital.com.br\/index.php?rest_route=\/wp\/v2\/posts\/224012\/revisions\/224013"}],"wp:attachment":[{"href":"https:\/\/diarioregionaldigital.com.br\/index.php?rest_route=%2Fwp%2Fv2%2Fmedia&parent=224012"}],"wp:term":[{"taxonomy":"category","embeddable":true,"href":"https:\/\/diarioregionaldigital.com.br\/index.php?rest_route=%2Fwp%2Fv2%2Fcategories&post=224012"},{"taxonomy":"post_tag","embeddable":true,"href":"https:\/\/diarioregionaldigital.com.br\/index.php?rest_route=%2Fwp%2Fv2%2Ftags&post=224012"}],"curies":[{"name":"wp","href":"https:\/\/api.w.org\/{rel}","templated":true}]}}