{"id":223995,"date":"2024-08-02T21:49:09","date_gmt":"2024-08-03T00:49:09","guid":{"rendered":"https:\/\/diarioregionaldigital.com.br\/?p=223995"},"modified":"2024-08-02T21:49:09","modified_gmt":"2024-08-03T00:49:09","slug":"programa-cultural-murilo-mendes-recebeu-309-inscricoes-de-projetos","status":"publish","type":"post","link":"https:\/\/diarioregionaldigital.com.br\/?p=223995","title":{"rendered":"Programa Cultural Murilo Mendes recebeu 309 inscri\u00e7\u00f5es de projetos"},"content":{"rendered":"<p>Segundo informa\u00e7\u00f5es do site da Prefeitura de Juiz de Fora , a PJF informa que 309 projetos art\u00edsticos e culturais foram inscritos na edi\u00e7\u00e3o 2024 do Programa Cultural Murilo Mendes. Desse total, 239 concorrem no Edital Muril\u00e3o, 54 no Edital Quilombagens e 16 no Edital O Bicho Pegou.<\/p>\n<p>Na primeira etapa de julgamento, ser\u00e1 verificado se as pessoas proponentes anexaram adequadamente toda a documenta\u00e7\u00e3o prevista nos respectivos editais. J\u00e1 na segunda fase de an\u00e1lise das propostas, os membros da Comiss\u00e3o Municipal de Incentivo \u00e0 Cultura (Comic) v\u00e3o atribuir notas \u00e0s propostas, seguindo os crit\u00e9rios estabelecidos. O resultado final sair\u00e1 at\u00e9 dezembro.<\/p>\n<p>As pessoas proponentes s\u00e3o respons\u00e1veis por manter atualizada sua inscri\u00e7\u00e3o no CAD Cultural, condi\u00e7\u00e3o obrigat\u00f3ria para concorrer ao patroc\u00ednio cultural do munic\u00edpio.<\/p>\n<p>&nbsp;<\/p>\n","protected":false},"excerpt":{"rendered":"<p>Segundo informa\u00e7\u00f5es do site da Prefeitura de Juiz de Fora , a PJF informa que 309 projetos art\u00edsticos e culturais foram inscritos na edi\u00e7\u00e3o 2024 do Programa Cultural Murilo Mendes. Desse total, 239 concorrem no Edital Muril\u00e3o, 54 no Edital Quilombagens e 16 no Edital O Bicho Pegou. Na primeira etapa de julgamento, ser\u00e1 verificado [&hellip;]<\/p>\n","protected":false},"author":246,"featured_media":223996,"comment_status":"closed","ping_status":"closed","sticky":false,"template":"","format":"standard","meta":{"footnotes":""},"categories":[253,436,440,439],"tags":[],"class_list":["post-223995","post","type-post","status-publish","format-standard","has-post-thumbnail","hentry","category-cidade","category-destaque-da-semana","category-destaques-do-dia","category-ultima-hora"],"_links":{"self":[{"href":"https:\/\/diarioregionaldigital.com.br\/index.php?rest_route=\/wp\/v2\/posts\/223995","targetHints":{"allow":["GET"]}}],"collection":[{"href":"https:\/\/diarioregionaldigital.com.br\/index.php?rest_route=\/wp\/v2\/posts"}],"about":[{"href":"https:\/\/diarioregionaldigital.com.br\/index.php?rest_route=\/wp\/v2\/types\/post"}],"author":[{"embeddable":true,"href":"https:\/\/diarioregionaldigital.com.br\/index.php?rest_route=\/wp\/v2\/users\/246"}],"replies":[{"embeddable":true,"href":"https:\/\/diarioregionaldigital.com.br\/index.php?rest_route=%2Fwp%2Fv2%2Fcomments&post=223995"}],"version-history":[{"count":1,"href":"https:\/\/diarioregionaldigital.com.br\/index.php?rest_route=\/wp\/v2\/posts\/223995\/revisions"}],"predecessor-version":[{"id":223997,"href":"https:\/\/diarioregionaldigital.com.br\/index.php?rest_route=\/wp\/v2\/posts\/223995\/revisions\/223997"}],"wp:featuredmedia":[{"embeddable":true,"href":"https:\/\/diarioregionaldigital.com.br\/index.php?rest_route=\/wp\/v2\/media\/223996"}],"wp:attachment":[{"href":"https:\/\/diarioregionaldigital.com.br\/index.php?rest_route=%2Fwp%2Fv2%2Fmedia&parent=223995"}],"wp:term":[{"taxonomy":"category","embeddable":true,"href":"https:\/\/diarioregionaldigital.com.br\/index.php?rest_route=%2Fwp%2Fv2%2Fcategories&post=223995"},{"taxonomy":"post_tag","embeddable":true,"href":"https:\/\/diarioregionaldigital.com.br\/index.php?rest_route=%2Fwp%2Fv2%2Ftags&post=223995"}],"curies":[{"name":"wp","href":"https:\/\/api.w.org\/{rel}","templated":true}]}}