{"id":223982,"date":"2024-08-01T18:58:11","date_gmt":"2024-08-01T21:58:11","guid":{"rendered":"https:\/\/diarioregionaldigital.com.br\/?p=223982"},"modified":"2024-08-01T18:58:11","modified_gmt":"2024-08-01T21:58:11","slug":"creches-e-escolas-da-rede-municipal-de-ensino-retomam-as-atividades-nesta-semana","status":"publish","type":"post","link":"https:\/\/diarioregionaldigital.com.br\/?p=223982","title":{"rendered":"Creches e escolas da Rede Municipal de Ensino retomam as atividades nesta semana"},"content":{"rendered":"<p>Segundo informa\u00e7\u00f5es do site da Prefeitura de Juiz de Fora (PJF), a PJF informa que todas as 102 escolas da Rede Municipal de Ensino iniciam, nesta semana, o segundo semestre letivo de 2024. Parte das institui\u00e7\u00f5es retornam as aulas nesta quarta-feira, dia 31; j\u00e1 as demais, na quinta-feira, dia 1\u00ba de agosto. S\u00e3o esperados mais de 41 mil estudantes, que estar\u00e3o de volta \u00e0s salas de aula nas turmas de Educa\u00e7\u00e3o Infantil, Ensino Fundamental e Educa\u00e7\u00e3o de Jovens e Adultos (EJA).<\/p>\n<p>A maioria das quase 50 creches municipais e institui\u00e7\u00f5es parceiras retomam as suas atividades tamb\u00e9m nesta semana. O atendimento abrange aproximadamente seis mil crian\u00e7as de 0 a 3 anos de idade.<\/p>\n<p>&nbsp;<\/p>\n","protected":false},"excerpt":{"rendered":"<p>Segundo informa\u00e7\u00f5es do site da Prefeitura de Juiz de Fora (PJF), a PJF informa que todas as 102 escolas da Rede Municipal de Ensino iniciam, nesta semana, o segundo semestre letivo de 2024. Parte das institui\u00e7\u00f5es retornam as aulas nesta quarta-feira, dia 31; j\u00e1 as demais, na quinta-feira, dia 1\u00ba de agosto. S\u00e3o esperados mais [&hellip;]<\/p>\n","protected":false},"author":246,"featured_media":223983,"comment_status":"closed","ping_status":"closed","sticky":false,"template":"","format":"standard","meta":{"footnotes":""},"categories":[253,436,440,439],"tags":[],"class_list":["post-223982","post","type-post","status-publish","format-standard","has-post-thumbnail","hentry","category-cidade","category-destaque-da-semana","category-destaques-do-dia","category-ultima-hora"],"_links":{"self":[{"href":"https:\/\/diarioregionaldigital.com.br\/index.php?rest_route=\/wp\/v2\/posts\/223982","targetHints":{"allow":["GET"]}}],"collection":[{"href":"https:\/\/diarioregionaldigital.com.br\/index.php?rest_route=\/wp\/v2\/posts"}],"about":[{"href":"https:\/\/diarioregionaldigital.com.br\/index.php?rest_route=\/wp\/v2\/types\/post"}],"author":[{"embeddable":true,"href":"https:\/\/diarioregionaldigital.com.br\/index.php?rest_route=\/wp\/v2\/users\/246"}],"replies":[{"embeddable":true,"href":"https:\/\/diarioregionaldigital.com.br\/index.php?rest_route=%2Fwp%2Fv2%2Fcomments&post=223982"}],"version-history":[{"count":1,"href":"https:\/\/diarioregionaldigital.com.br\/index.php?rest_route=\/wp\/v2\/posts\/223982\/revisions"}],"predecessor-version":[{"id":223984,"href":"https:\/\/diarioregionaldigital.com.br\/index.php?rest_route=\/wp\/v2\/posts\/223982\/revisions\/223984"}],"wp:featuredmedia":[{"embeddable":true,"href":"https:\/\/diarioregionaldigital.com.br\/index.php?rest_route=\/wp\/v2\/media\/223983"}],"wp:attachment":[{"href":"https:\/\/diarioregionaldigital.com.br\/index.php?rest_route=%2Fwp%2Fv2%2Fmedia&parent=223982"}],"wp:term":[{"taxonomy":"category","embeddable":true,"href":"https:\/\/diarioregionaldigital.com.br\/index.php?rest_route=%2Fwp%2Fv2%2Fcategories&post=223982"},{"taxonomy":"post_tag","embeddable":true,"href":"https:\/\/diarioregionaldigital.com.br\/index.php?rest_route=%2Fwp%2Fv2%2Ftags&post=223982"}],"curies":[{"name":"wp","href":"https:\/\/api.w.org\/{rel}","templated":true}]}}