{"id":223975,"date":"2024-08-01T18:54:09","date_gmt":"2024-08-01T21:54:09","guid":{"rendered":"https:\/\/diarioregionaldigital.com.br\/?p=223975"},"modified":"2024-08-01T18:54:09","modified_gmt":"2024-08-01T21:54:09","slug":"governo-de-minas-assina-contrato-de-concessao-da-serraria-souza-pinto","status":"publish","type":"post","link":"https:\/\/diarioregionaldigital.com.br\/?p=223975","title":{"rendered":"Governo de Minas assina contrato de concess\u00e3o da Serraria Souza Pinto"},"content":{"rendered":"<p>O\u00a0<a href=\"https:\/\/www.mg.gov.br\/\" target=\"_blank\" rel=\"noopener\">Governo de Minas<\/a>\u00a0formalizou, nesta quinta-feira (1\/8), o contrato de concess\u00e3o de uso da Serraria Souza Pinto com o cons\u00f3rcio Nova Serraria, que nos pr\u00f3ximos 20 anos ser\u00e1 respons\u00e1vel pela opera\u00e7\u00e3o das atividades do local. O vice-governador, Professor Mateus, assinou o novo contrato que est\u00e1 em conformidade com as diretrizes previstas pelo Estado.<\/p>\n<p>O contrato prev\u00ea realiza\u00e7\u00e3o de espet\u00e1culos, shows e demais eventos em geral, assim como explora\u00e7\u00e3o de outras atividades econ\u00f4micas como bares, lanchonetes, restaurantes, lojas e camarotes, ampliando a voca\u00e7\u00e3o cultural e tur\u00edstica do equipamento e revitalizando o entorno, no centro de Belo Horizonte.<\/p>\n<p>\u201c\u00c9 uma satisfa\u00e7\u00e3o enorme o Governo de Minas estar aqui, formalizando a concess\u00e3o da Serraria Souza Pinto. Esse repasse vai fazer com que o espa\u00e7o seja multiuso para a popula\u00e7\u00e3o e que efetivamente passe a permitir o recebimento de feiras, shows, festas e eventos culturais em geral&#8221;, destaca o vice-governador, Professor Mateus.<\/p>\n<p>O vice-governador lista ainda a utiliza\u00e7\u00e3o do estacionamento, que ficou fechado por longo per\u00edodo e que poder\u00e1 ser utilizado novamente.<\/p>\n<p>&#8220;Com a concess\u00e3o a Serraria poder\u00e1 se transformar, tamb\u00e9m, num eixo de requalifica\u00e7\u00e3o do nosso centro de Belo Horizonte&#8221;, disse.<\/p>\n<table border=\"0\" cellspacing=\"1\" cellpadding=\"1\" align=\"center\">\n<tbody>\n<tr>\n<td colspan=\"5\"><img decoding=\"async\" src=\"https:\/\/www.agenciaminas.mg.gov.br\/ckeditor_assets\/pictures\/20949\/content_2_olho_topo.jpg\" alt=\"\" \/><\/td>\n<\/tr>\n<tr>\n<td><\/td>\n<td colspan=\"3\" rowspan=\"3\">\n<h1><strong>&#8220;Estamos fazendo o melhor para transformar equipamentos p\u00fablicos, localizados na capital, em espa\u00e7os que favorecem a requalifica\u00e7\u00e3o urbana&#8221;, afirmou\u00a0o vice-governador de Minas, Professor Mateus.<\/strong><\/h1>\n<\/td>\n<td><\/td>\n<\/tr>\n<tr>\n<td><\/td>\n<td><\/td>\n<\/tr>\n<tr>\n<td><\/td>\n<td><\/td>\n<\/tr>\n<tr>\n<td colspan=\"5\"><img decoding=\"async\" src=\"https:\/\/www.agenciaminas.mg.gov.br\/ckeditor_assets\/pictures\/20950\/content_2_olho_inferior.jpg\" alt=\"\" \/><\/td>\n<\/tr>\n<\/tbody>\n<\/table>\n<p>A\u00a0<a href=\"https:\/\/fcs.mg.gov.br\/\" target=\"_blank\" rel=\"noopener\">Funda\u00e7\u00e3o Cl\u00f3vis Salgado (FCS)<\/a>, por sua vez, continuar\u00e1 cuidando do fomento, produ\u00e7\u00e3o e difus\u00e3o das artes no contexto estadual, al\u00e9m de gerir e fiscalizar o contrato de concess\u00e3o da Serraria Souza Pinto.<\/p>\n<p>O projeto de concess\u00e3o da Serraria Souza Pinto foi estruturado pela FCS, com o apoio das secretarias de Estado de\u00a0<a href=\"http:\/\/www.infraestrutura.mg.gov.br\/\" target=\"_blank\" rel=\"noopener\">Infraestrutura, Mobilidade e Parcerias (Seinfra)<\/a>\u00a0e de\u00a0<a href=\"https:\/\/www.secult.mg.gov.br\/\" target=\"_blank\" rel=\"noopener\">Cultura e Turismo (Secult)<\/a>, al\u00e9m da\u00a0<a href=\"http:\/\/www.codemge.com.br\/\" target=\"_blank\" rel=\"noopener\">Companhia de Desenvolvimento de Minas Gerais (Codemge)<\/a>.<\/p>\n<p><strong>Parcerias\u00a0<\/strong><\/p>\n<p>\u201cHoje \u00e9 um dia de celebra\u00e7\u00e3o. Um\u00a0parceiro privado\u00a0vai assumir a gest\u00e3o da Serraria e trazer volume de investimentos para repaginar esse espa\u00e7o t\u00e3o querido dos Belo Horizontinos, que vai ser palco de grandes eventos, com potencial de ser melhor aproveitado\u201d, destaca o secret\u00e1rio de Estado de Infraestrutura, Mobilidade e Parcerias, Pedro Bruno.<\/p>\n<p>\u201cA Serraria Souza Pinto \u00e9 um \u00edcone da cultura e das manifesta\u00e7\u00f5es, dos shows e feiras no estado de Minas Gerais. Ter investimentos, melhorias e organiza\u00e7\u00e3o neste espa\u00e7o vai atrair eventos de grande porte, inclusive internacionais\u201d, ressalta o secret\u00e1rio de Estado de Cultura e Turismo, Le\u00f4nidas de Oliveira.<\/p>\n<p>\u00c9 o que destaca tamb\u00e9m o diretor-presidente da Codemge, S\u00e9rgio Lopes Cabral. De acordo com ele, a concess\u00e3o vai contribuir, tamb\u00e9m, para gerar emprego e renda para os mineiros.<\/p>\n<p><strong>Investimentos\u00a0<\/strong><\/p>\n<p>A concess\u00e3o tamb\u00e9m vai garantir novos recursos para a FCS, no per\u00edodo em que o vencedor da licita\u00e7\u00e3o for o respons\u00e1vel pelo equipamento, por meio de pagamento anual \u00e0 funda\u00e7\u00e3o de porcentagem da receita bruta auferida pela concession\u00e1ria.<\/p>\n<p>Ap\u00f3s a assinatura do contrato, haver\u00e1 um per\u00edodo de transi\u00e7\u00e3o de at\u00e9 90 dias para que a opera\u00e7\u00e3o seja assumida integralmente pela concession\u00e1ria.<\/p>\n<p>Os investimentos previstos para o im\u00f3vel somam, no m\u00ednimo, R$ 7 milh\u00f5es, incluindo interven\u00e7\u00f5es obrigat\u00f3rias e ciclos de reinvestimentos e manuten\u00e7\u00e3o ao longo de toda execu\u00e7\u00e3o contratual.<\/p>\n<p>Entre as melhorias priorit\u00e1rias, destacam-se a revis\u00e3o geral de todas as instala\u00e7\u00f5es (como banheiros, por ex.), adequa\u00e7\u00f5es el\u00e9tricas, drenagem, acessibilidade e restaura\u00e7\u00e3o da fachada.<\/p>\n<p><strong>Espa\u00e7o cultural<\/strong><\/p>\n<p>A Serraria Souza Pinto, constru\u00edda em 1912, \u00e9 uma das poucas edifica\u00e7\u00f5es remanescentes dos primeiros tempos da hist\u00f3ria de Belo Horizonte.\u00a0De importante interesse cultural e hist\u00f3rico, a edifica\u00e7\u00e3o integra o conjunto paisag\u00edstico e arquitet\u00f4nico da Pra\u00e7a Rui Barbosa \u2013 Pra\u00e7a da Esta\u00e7\u00e3o.<\/p>\n<p>O pr\u00e9dio passou por intensa restaura\u00e7\u00e3o e adequa\u00e7\u00e3o para funcionar como espa\u00e7o de eventos culturais e corporativos.\u00a0Desde 1997, a administra\u00e7\u00e3o do espa\u00e7o encontra-se sob responsabilidade da FCS, com a realiza\u00e7\u00e3o de dezenas de eventos a cada ano.<\/p>\n<p>Situada na regi\u00e3o central de Belo Horizonte, em local de f\u00e1cil acesso, a Serraria Souza Pinto tem estrutura de aproximadamente 4 mil metros quadrados de \u00e1rea constru\u00edda e \u00e9 adequada \u00e0 instala\u00e7\u00e3o e montagem para acolher eventos dos mais variados formatos art\u00edsticos, culturais e empresariais, como grandes feiras, exposi\u00e7\u00f5es, congressos, shows e festivais.<\/p>\n<p>A capacidade m\u00e1xima de p\u00fablico \u00e9 de 5 mil pessoas em p\u00e9, ou 2,5 mil pessoas sentadas (eventos com mesas e cadeiras).<\/p>\n<p><strong>Concess\u00e3o<\/strong><\/p>\n<p>O cons\u00f3rcio Nova Serraria, formado pelas empresas Revee (Real Estate Venues &amp; Entertainment Participa\u00e7\u00f5es) e Integritate, venceu a licita\u00e7\u00e3o, realizada em 25\/3\/2024, ao oferecer uma proposta de outorga fixa no valor de R$ 650 mil, o que corresponde a 5,32% de \u00e1gio.<\/p>\n<p>Ap\u00f3s a finaliza\u00e7\u00e3o do per\u00edodo contratual, o Estado voltar\u00e1 \u00e0 gest\u00e3o operacional do ativo p\u00fablico, incorporando todas as benfeitorias realizadas no im\u00f3vel.<\/p>\n<p>O CEO da Revee, Lu\u00eds Fernando Davantel, destacou a parceria com o Executivo mineiro em projeto realizado com transpar\u00eancia e intelig\u00eancia.<\/p>\n<p>\u201cAgrede\u00e7o ao Governo de Minas por acolher nossa empresa e ter a iniciativa de fazer um processo de concess\u00e3o extremamente profissional, inteligente e transparente nesse espa\u00e7o t\u00e3o importante para o povo mineiro&#8221;.<\/p>\n<p><strong>Cons\u00f3rcio vencedor<\/strong><\/p>\n<p>A empresa Revee atua na \u00e1rea Real Estate, Gest\u00e3o de Venues e Entretenimento e em 2023 assinou contrato de concess\u00e3o de 35 anos para gest\u00e3o do Complexo Arena da Fonte Luminosa, composto pela Arena Fonte Luminosa, Centro de Conven\u00e7\u00f5es, Pavilh\u00e3o de Exposi\u00e7\u00f5es e Gin\u00e1sio Poliesportivo, em Araraquara, estado de S\u00e3o Paulo.<\/p>\n<p>A empresa Integritate, criada em 2008, atua como desenvolvedora e gestora imobili\u00e1ria e ganhou reconhecimento ao ser respons\u00e1vel pela concretiza\u00e7\u00e3o do projeto do Allianz Parque, em S\u00e3o Paulo, al\u00e9m de atuar na gest\u00e3o de espa\u00e7os de entretenimento.<\/p>\n<p>Fonte: Ag\u00eancia Minas<\/p>\n","protected":false},"excerpt":{"rendered":"<p>O\u00a0Governo de Minas\u00a0formalizou, nesta quinta-feira (1\/8), o contrato de concess\u00e3o de uso da Serraria Souza Pinto com o cons\u00f3rcio Nova Serraria, que nos pr\u00f3ximos 20 anos ser\u00e1 respons\u00e1vel pela opera\u00e7\u00e3o das atividades do local. O vice-governador, Professor Mateus, assinou o novo contrato que est\u00e1 em conformidade com as diretrizes previstas pelo Estado. O contrato prev\u00ea [&hellip;]<\/p>\n","protected":false},"author":246,"featured_media":223976,"comment_status":"closed","ping_status":"closed","sticky":false,"template":"","format":"standard","meta":{"footnotes":""},"categories":[436,440,254,439],"tags":[],"class_list":["post-223975","post","type-post","status-publish","format-standard","has-post-thumbnail","hentry","category-destaque-da-semana","category-destaques-do-dia","category-politica","category-ultima-hora"],"_links":{"self":[{"href":"https:\/\/diarioregionaldigital.com.br\/index.php?rest_route=\/wp\/v2\/posts\/223975","targetHints":{"allow":["GET"]}}],"collection":[{"href":"https:\/\/diarioregionaldigital.com.br\/index.php?rest_route=\/wp\/v2\/posts"}],"about":[{"href":"https:\/\/diarioregionaldigital.com.br\/index.php?rest_route=\/wp\/v2\/types\/post"}],"author":[{"embeddable":true,"href":"https:\/\/diarioregionaldigital.com.br\/index.php?rest_route=\/wp\/v2\/users\/246"}],"replies":[{"embeddable":true,"href":"https:\/\/diarioregionaldigital.com.br\/index.php?rest_route=%2Fwp%2Fv2%2Fcomments&post=223975"}],"version-history":[{"count":1,"href":"https:\/\/diarioregionaldigital.com.br\/index.php?rest_route=\/wp\/v2\/posts\/223975\/revisions"}],"predecessor-version":[{"id":223977,"href":"https:\/\/diarioregionaldigital.com.br\/index.php?rest_route=\/wp\/v2\/posts\/223975\/revisions\/223977"}],"wp:featuredmedia":[{"embeddable":true,"href":"https:\/\/diarioregionaldigital.com.br\/index.php?rest_route=\/wp\/v2\/media\/223976"}],"wp:attachment":[{"href":"https:\/\/diarioregionaldigital.com.br\/index.php?rest_route=%2Fwp%2Fv2%2Fmedia&parent=223975"}],"wp:term":[{"taxonomy":"category","embeddable":true,"href":"https:\/\/diarioregionaldigital.com.br\/index.php?rest_route=%2Fwp%2Fv2%2Fcategories&post=223975"},{"taxonomy":"post_tag","embeddable":true,"href":"https:\/\/diarioregionaldigital.com.br\/index.php?rest_route=%2Fwp%2Fv2%2Ftags&post=223975"}],"curies":[{"name":"wp","href":"https:\/\/api.w.org\/{rel}","templated":true}]}}