{"id":223972,"date":"2024-08-01T18:48:41","date_gmt":"2024-08-01T21:48:41","guid":{"rendered":"https:\/\/diarioregionaldigital.com.br\/?p=223972"},"modified":"2024-08-01T18:48:41","modified_gmt":"2024-08-01T21:48:41","slug":"governo-de-minas-arrecada-mais-de-r16-milhao-com-leilao-de-imoveis","status":"publish","type":"post","link":"https:\/\/diarioregionaldigital.com.br\/?p=223972","title":{"rendered":"Governo de Minas arrecada mais de R$1,6 milh\u00e3o com leil\u00e3o de im\u00f3veis"},"content":{"rendered":"<p>Com o objetivo de trazer solu\u00e7\u00f5es para a \u00e1rea financeira do Estado,em estrat\u00e9gias para a comercializa\u00e7\u00e3o de im\u00f3veis, o\u00a0<a href=\"https:\/\/www.mg.gov.br\/\" target=\"_blank\" rel=\"noopener\">Governo de Minas<\/a>, por meio da\u00a0<a href=\"https:\/\/www.mgipart.com.br\/\" target=\"_blank\" rel=\"noopener\">Minas Gerais Participa\u00e7\u00f5es S.A. (MGI)<\/a>\u00a0&#8211; estatal vinculada \u00e0\u00a0<a href=\"https:\/\/desenvolvimento.mg.gov.br\/\" target=\"_blank\" rel=\"noopener\">Secretaria de Estado de Desenvolvimento Econ\u00f4mico de Minas Gerais (Sede-MG)<\/a>, arrecadou mais de R$ 1,6 milh\u00e3o com a venda de oito im\u00f3veis anunciados no leil\u00e3o 007\/2024.<\/p>\n<p>O certame, que esteve aberto entre 29\/5 e 25\/7\/2024, anunciou diversos im\u00f3veis, entre casas, apartamentos, glebas, lotes e terrenos. Al\u00e9m de Minas Gerais, havia im\u00f3veis em outros tr\u00eas estados brasileiros: Par\u00e1, Rio de Janeiro e Santa Catarina.<\/p>\n<p>\u201cOs munic\u00edpios nos quais esses im\u00f3veis foram arrematados acabam sendo beneficiados com os investimentos que ser\u00e3o feitos pelos pr\u00f3prios arrematantes das propriedades. Ent\u00e3o, al\u00e9m de contribuir para o Estado, a venda de im\u00f3veis por meio dos leil\u00f5es tamb\u00e9m gera capital para os munic\u00edpios\u201d, explica a subsecret\u00e1ria de Gest\u00e3o de Im\u00f3veis da Sede-MG, Melissa Barcellos.<\/p>\n<p>Os im\u00f3veis arrematados est\u00e3o localizados nas cidades mineiras de Cataguases, Alpercata, Guap\u00e9, Guimar\u00e2nia, Perd\u00f5es, Uberaba e Belo Horizonte. Foram vendidos tr\u00eas terrenos, dois lotes, duas casas e um apartamento, com lances entre R$ 40 mil e R$ 458 mil.<\/p>\n<p>Fonte: Ag\u00eancia Minas<\/p>\n","protected":false},"excerpt":{"rendered":"<p>Com o objetivo de trazer solu\u00e7\u00f5es para a \u00e1rea financeira do Estado,em estrat\u00e9gias para a comercializa\u00e7\u00e3o de im\u00f3veis, o\u00a0Governo de Minas, por meio da\u00a0Minas Gerais Participa\u00e7\u00f5es S.A. (MGI)\u00a0&#8211; estatal vinculada \u00e0\u00a0Secretaria de Estado de Desenvolvimento Econ\u00f4mico de Minas Gerais (Sede-MG), arrecadou mais de R$ 1,6 milh\u00e3o com a venda de oito im\u00f3veis anunciados no leil\u00e3o [&hellip;]<\/p>\n","protected":false},"author":246,"featured_media":223973,"comment_status":"closed","ping_status":"closed","sticky":false,"template":"","format":"standard","meta":{"footnotes":""},"categories":[436,440,261,439],"tags":[],"class_list":["post-223972","post","type-post","status-publish","format-standard","has-post-thumbnail","hentry","category-destaque-da-semana","category-destaques-do-dia","category-economia","category-ultima-hora"],"_links":{"self":[{"href":"https:\/\/diarioregionaldigital.com.br\/index.php?rest_route=\/wp\/v2\/posts\/223972","targetHints":{"allow":["GET"]}}],"collection":[{"href":"https:\/\/diarioregionaldigital.com.br\/index.php?rest_route=\/wp\/v2\/posts"}],"about":[{"href":"https:\/\/diarioregionaldigital.com.br\/index.php?rest_route=\/wp\/v2\/types\/post"}],"author":[{"embeddable":true,"href":"https:\/\/diarioregionaldigital.com.br\/index.php?rest_route=\/wp\/v2\/users\/246"}],"replies":[{"embeddable":true,"href":"https:\/\/diarioregionaldigital.com.br\/index.php?rest_route=%2Fwp%2Fv2%2Fcomments&post=223972"}],"version-history":[{"count":1,"href":"https:\/\/diarioregionaldigital.com.br\/index.php?rest_route=\/wp\/v2\/posts\/223972\/revisions"}],"predecessor-version":[{"id":223974,"href":"https:\/\/diarioregionaldigital.com.br\/index.php?rest_route=\/wp\/v2\/posts\/223972\/revisions\/223974"}],"wp:featuredmedia":[{"embeddable":true,"href":"https:\/\/diarioregionaldigital.com.br\/index.php?rest_route=\/wp\/v2\/media\/223973"}],"wp:attachment":[{"href":"https:\/\/diarioregionaldigital.com.br\/index.php?rest_route=%2Fwp%2Fv2%2Fmedia&parent=223972"}],"wp:term":[{"taxonomy":"category","embeddable":true,"href":"https:\/\/diarioregionaldigital.com.br\/index.php?rest_route=%2Fwp%2Fv2%2Fcategories&post=223972"},{"taxonomy":"post_tag","embeddable":true,"href":"https:\/\/diarioregionaldigital.com.br\/index.php?rest_route=%2Fwp%2Fv2%2Ftags&post=223972"}],"curies":[{"name":"wp","href":"https:\/\/api.w.org\/{rel}","templated":true}]}}