{"id":223954,"date":"2024-07-31T20:51:09","date_gmt":"2024-07-31T23:51:09","guid":{"rendered":"https:\/\/diarioregionaldigital.com.br\/?p=223954"},"modified":"2024-07-31T20:51:39","modified_gmt":"2024-07-31T23:51:39","slug":"campanha-de-popularizacao-do-teatro-danca-tera-39-espetaculos-e-cinco-oficinas","status":"publish","type":"post","link":"https:\/\/diarioregionaldigital.com.br\/?p=223954","title":{"rendered":"Campanha de Populariza\u00e7\u00e3o do Teatro &#038; Dan\u00e7a ter\u00e1 39 espet\u00e1culos e cinco oficinas"},"content":{"rendered":"<p>Segundo informa\u00e7\u00f5es do site da Prefeitura de Juiz de Fora (PJF), a PJF informa que a 21\u00aa edi\u00e7\u00e3o da Campanha de Populariza\u00e7\u00e3o do Teatro &amp; Dan\u00e7a ter\u00e1 in\u00edcio na pr\u00f3xima sexta-feira, 2, no Teatro Paschoal Carlos Magno, localizado na Rua Gilberto de Alencar, atr\u00e1s da Igreja S\u00e3o Sebasti\u00e3o &#8211; Centro, \u00e0s 20h. A programa\u00e7\u00e3o segue at\u00e9 o dia 31 de agosto, com 39 espet\u00e1culos e cinco oficinas, que ocupar\u00e3o 15 equipamentos culturais da cidade. Os ingressos j\u00e1 est\u00e3o sendo vendidos a pre\u00e7os promocionais no trailer do evento, instalado no Parque Halfeld, na altura do Pa\u00e7o Municipal. Tamb\u00e9m haver\u00e1 venda na portaria dos teatros.<\/p>\n<p>A programa\u00e7\u00e3o completa da campanha, com sinopses, classifica\u00e7\u00e3o indicativa e ficha t\u00e9cnica dos espet\u00e1culos, al\u00e9m das informa\u00e7\u00f5es sobre as oficinas est\u00e3o dispon\u00edveis no Instagram @campanhateatroedancajf.<\/p>\n","protected":false},"excerpt":{"rendered":"<p>Segundo informa\u00e7\u00f5es do site da Prefeitura de Juiz de Fora (PJF), a PJF informa que a 21\u00aa edi\u00e7\u00e3o da Campanha de Populariza\u00e7\u00e3o do Teatro &amp; Dan\u00e7a ter\u00e1 in\u00edcio na pr\u00f3xima sexta-feira, 2, no Teatro Paschoal Carlos Magno, localizado na Rua Gilberto de Alencar, atr\u00e1s da Igreja S\u00e3o Sebasti\u00e3o &#8211; Centro, \u00e0s 20h. A programa\u00e7\u00e3o segue [&hellip;]<\/p>\n","protected":false},"author":246,"featured_media":223955,"comment_status":"closed","ping_status":"closed","sticky":false,"template":"","format":"standard","meta":{"footnotes":""},"categories":[253,436,439],"tags":[],"class_list":["post-223954","post","type-post","status-publish","format-standard","has-post-thumbnail","hentry","category-cidade","category-destaque-da-semana","category-ultima-hora"],"_links":{"self":[{"href":"https:\/\/diarioregionaldigital.com.br\/index.php?rest_route=\/wp\/v2\/posts\/223954","targetHints":{"allow":["GET"]}}],"collection":[{"href":"https:\/\/diarioregionaldigital.com.br\/index.php?rest_route=\/wp\/v2\/posts"}],"about":[{"href":"https:\/\/diarioregionaldigital.com.br\/index.php?rest_route=\/wp\/v2\/types\/post"}],"author":[{"embeddable":true,"href":"https:\/\/diarioregionaldigital.com.br\/index.php?rest_route=\/wp\/v2\/users\/246"}],"replies":[{"embeddable":true,"href":"https:\/\/diarioregionaldigital.com.br\/index.php?rest_route=%2Fwp%2Fv2%2Fcomments&post=223954"}],"version-history":[{"count":1,"href":"https:\/\/diarioregionaldigital.com.br\/index.php?rest_route=\/wp\/v2\/posts\/223954\/revisions"}],"predecessor-version":[{"id":223956,"href":"https:\/\/diarioregionaldigital.com.br\/index.php?rest_route=\/wp\/v2\/posts\/223954\/revisions\/223956"}],"wp:featuredmedia":[{"embeddable":true,"href":"https:\/\/diarioregionaldigital.com.br\/index.php?rest_route=\/wp\/v2\/media\/223955"}],"wp:attachment":[{"href":"https:\/\/diarioregionaldigital.com.br\/index.php?rest_route=%2Fwp%2Fv2%2Fmedia&parent=223954"}],"wp:term":[{"taxonomy":"category","embeddable":true,"href":"https:\/\/diarioregionaldigital.com.br\/index.php?rest_route=%2Fwp%2Fv2%2Fcategories&post=223954"},{"taxonomy":"post_tag","embeddable":true,"href":"https:\/\/diarioregionaldigital.com.br\/index.php?rest_route=%2Fwp%2Fv2%2Ftags&post=223954"}],"curies":[{"name":"wp","href":"https:\/\/api.w.org\/{rel}","templated":true}]}}