{"id":223951,"date":"2024-07-31T20:45:31","date_gmt":"2024-07-31T23:45:31","guid":{"rendered":"https:\/\/diarioregionaldigital.com.br\/?p=223951"},"modified":"2024-07-31T20:45:31","modified_gmt":"2024-07-31T23:45:31","slug":"pjf-divulga-alteracoes-no-transito-da-zona-norte-neste-final-de-semana-em-funcao-de-corridas-de-rua","status":"publish","type":"post","link":"https:\/\/diarioregionaldigital.com.br\/?p=223951","title":{"rendered":"PJF divulga altera\u00e7\u00f5es no tr\u00e2nsito da Zona Norte neste final de semana em fun\u00e7\u00e3o de corridas de rua"},"content":{"rendered":"<p>Segundo informa\u00e7\u00f5es do site da Prefeitura de Juiz de Fora (PJF), a PJF informa que durante a realiza\u00e7\u00e3o da Maratona Night Run e da Meia Maratona de Juiz de Fora, haver\u00e1 fechamento parcial da Av. Brasil e do Acesso Norte das 19h do s\u00e1bado, 3, at\u00e9 o final da Meia Maratona no domingo, 4, que come\u00e7a \u00e0s 7h, com previs\u00e3o de encerramento no final da manh\u00e3 de domingo, 4. Os \u00f4nibus dividir\u00e3o a faixa dos carros, enquanto os corredores usar\u00e3o a faixa dos \u00f4nibus, na margem direita, mais pr\u00f3xima ao Rio Paraibuna.<\/p>\n<p>O trajeto completo da corrida come\u00e7a no Estacionamento do Shopping Jardim Norte, sa\u00edda pela Av. Brasil (margem direita), passando ao longo da Av. Garcia Rodrigues Paes (Acesso Norte), retornando na proximidade de uma transportadora, localizada na rua Maria Eug\u00eania 696, Benfica, pela Av. Garcia Rodrigues Paes, Rua Coronel Vidal, Rua Henrique Burnier, terminando no estacionamento do Shopping Jardim (Henrique Burnier).<\/p>\n<p>&nbsp;<\/p>\n<div class=\"texto_anexo\"><img loading=\"lazy\" decoding=\"async\" src=\"https:\/\/www.pjf.mg.gov.br\/imagens\/clips.jpg\" width=\"22\" height=\"20\" \/>\u00a0<a href=\"https:\/\/www.pjf.mg.gov.br\/noticias\/anexo\/MeiaMaratona_04-08_Circula%C3%A7%C3%A3o_A3(1).pdf\" target=\"_blank\" rel=\"noopener\">Veja o anexo<\/a><\/div>\n","protected":false},"excerpt":{"rendered":"<p>Segundo informa\u00e7\u00f5es do site da Prefeitura de Juiz de Fora (PJF), a PJF informa que durante a realiza\u00e7\u00e3o da Maratona Night Run e da Meia Maratona de Juiz de Fora, haver\u00e1 fechamento parcial da Av. Brasil e do Acesso Norte das 19h do s\u00e1bado, 3, at\u00e9 o final da Meia Maratona no domingo, 4, que [&hellip;]<\/p>\n","protected":false},"author":246,"featured_media":223952,"comment_status":"closed","ping_status":"closed","sticky":false,"template":"","format":"standard","meta":{"footnotes":""},"categories":[253,436,440,439],"tags":[],"class_list":["post-223951","post","type-post","status-publish","format-standard","has-post-thumbnail","hentry","category-cidade","category-destaque-da-semana","category-destaques-do-dia","category-ultima-hora"],"_links":{"self":[{"href":"https:\/\/diarioregionaldigital.com.br\/index.php?rest_route=\/wp\/v2\/posts\/223951","targetHints":{"allow":["GET"]}}],"collection":[{"href":"https:\/\/diarioregionaldigital.com.br\/index.php?rest_route=\/wp\/v2\/posts"}],"about":[{"href":"https:\/\/diarioregionaldigital.com.br\/index.php?rest_route=\/wp\/v2\/types\/post"}],"author":[{"embeddable":true,"href":"https:\/\/diarioregionaldigital.com.br\/index.php?rest_route=\/wp\/v2\/users\/246"}],"replies":[{"embeddable":true,"href":"https:\/\/diarioregionaldigital.com.br\/index.php?rest_route=%2Fwp%2Fv2%2Fcomments&post=223951"}],"version-history":[{"count":1,"href":"https:\/\/diarioregionaldigital.com.br\/index.php?rest_route=\/wp\/v2\/posts\/223951\/revisions"}],"predecessor-version":[{"id":223953,"href":"https:\/\/diarioregionaldigital.com.br\/index.php?rest_route=\/wp\/v2\/posts\/223951\/revisions\/223953"}],"wp:featuredmedia":[{"embeddable":true,"href":"https:\/\/diarioregionaldigital.com.br\/index.php?rest_route=\/wp\/v2\/media\/223952"}],"wp:attachment":[{"href":"https:\/\/diarioregionaldigital.com.br\/index.php?rest_route=%2Fwp%2Fv2%2Fmedia&parent=223951"}],"wp:term":[{"taxonomy":"category","embeddable":true,"href":"https:\/\/diarioregionaldigital.com.br\/index.php?rest_route=%2Fwp%2Fv2%2Fcategories&post=223951"},{"taxonomy":"post_tag","embeddable":true,"href":"https:\/\/diarioregionaldigital.com.br\/index.php?rest_route=%2Fwp%2Fv2%2Ftags&post=223951"}],"curies":[{"name":"wp","href":"https:\/\/api.w.org\/{rel}","templated":true}]}}