{"id":223945,"date":"2024-07-31T20:41:22","date_gmt":"2024-07-31T23:41:22","guid":{"rendered":"https:\/\/diarioregionaldigital.com.br\/?p=223945"},"modified":"2024-07-31T20:41:22","modified_gmt":"2024-07-31T23:41:22","slug":"bia-ferreira-vence-mais-uma-e-garante-ao-menos-o-bronze-em-paris","status":"publish","type":"post","link":"https:\/\/diarioregionaldigital.com.br\/?p=223945","title":{"rendered":"Bia Ferreira vence mais uma e garante ao menos o bronze em Paris"},"content":{"rendered":"<p>O sonho do ouro ol\u00edmpico no torneio de boxe dos Jogos de Paris (Fran\u00e7a) continua vivo para a brasileira Bia Ferreira, que derrotou a holandesa Chelsey Heijnen por decis\u00e3o un\u00e2nime (5-0) na tarde desta ter\u00e7a-feira (31) para se garantir nas semifinais do peso-leve (at\u00e9 60 quilos).<img decoding=\"async\" src=\"https:\/\/agenciabrasil.ebc.com.br\/ebc.png?id=1606170&amp;o=node\" \/><img decoding=\"async\" src=\"https:\/\/agenciabrasil.ebc.com.br\/ebc.gif?id=1606170&amp;o=node\" \/><\/p>\n<p>Por\u00e9m, independente do resultado de sua pr\u00f3xima luta, a baiana, que \u00e9 a atual campe\u00e3 mundial pela Federa\u00e7\u00e3o Internacional de Boxe (IBF), j\u00e1 garantiu um lugar no p\u00f3dio em Paris, pois n\u00e3o h\u00e1 disputa pelo bronze no boxe ol\u00edmpico, com os dois perdedores das semifinais conquistando medalhas.<\/p>\n<p>Al\u00e9m de continuar viva na busca pelo ouro ol\u00edmpico, Bia ter\u00e1 a oportunidade de exorcizar um fantasma, pois enfrenta na semifinal a irlandesa Kelllie Harrington, que derrotou a brasileira na decis\u00e3o dos Jogos Ol\u00edmpicos de T\u00f3quio (2020). O combate est\u00e1 programado para ser realizado no pr\u00f3ximo s\u00e1bado (3), a partir das 17h08 (hor\u00e1rio de Bras\u00edlia).<\/p>\n<p>\u201cVim para buscar a m\u00e3e de todas, a dourada. E, ironia do destino, a gente se encontrou e agora vou brigar com unhas e dentes para conseguir essa vit\u00f3ria, j\u00e1 que n\u00e3o aceitei aquele resultado em T\u00f3quio\u201d, declarou Bia sobre a futura revanche.<\/p>\n<h2>Vit\u00f3ria incontest\u00e1vel<\/h2>\n<p>Na luta das quartas de final, a baiana se imp\u00f4s \u00e0 advers\u00e1ria holandesa desde o primeiro\u00a0<em>round<\/em>. Apesar de Chelsey Heijnen caminhar mais para a frente nos minutos iniciais, Bia se manteve na base aproveitando a guarda baixa da advers\u00e1ria para encaixar contragolpes. O tempo passou e a europeia cansou, enquanto a brasileira mostrou \u00f3timo preparo f\u00edsico e muita t\u00e9cnica para dominar o combate e alcan\u00e7ar uma vit\u00f3ria incontest\u00e1vel.<\/p>\n<p>\u201cEla [Chelsey Heijnen] \u00e9 uma atleta que n\u00e3o deixa muito correr, fica segurando a luta. Mas o importante \u00e9 que eu venci e garanti mais uma medalha, para mim e para o Brasil\u201d, concluiu a baiana.<\/p>\n<p>Fonte: Ag\u00eancia Brasil<\/p>\n","protected":false},"excerpt":{"rendered":"<p>O sonho do ouro ol\u00edmpico no torneio de boxe dos Jogos de Paris (Fran\u00e7a) continua vivo para a brasileira Bia Ferreira, que derrotou a holandesa Chelsey Heijnen por decis\u00e3o un\u00e2nime (5-0) na tarde desta ter\u00e7a-feira (31) para se garantir nas semifinais do peso-leve (at\u00e9 60 quilos). Por\u00e9m, independente do resultado de sua pr\u00f3xima luta, a [&hellip;]<\/p>\n","protected":false},"author":246,"featured_media":223946,"comment_status":"closed","ping_status":"closed","sticky":false,"template":"","format":"standard","meta":{"footnotes":""},"categories":[436,440,257,439],"tags":[],"class_list":["post-223945","post","type-post","status-publish","format-standard","has-post-thumbnail","hentry","category-destaque-da-semana","category-destaques-do-dia","category-esporte","category-ultima-hora"],"_links":{"self":[{"href":"https:\/\/diarioregionaldigital.com.br\/index.php?rest_route=\/wp\/v2\/posts\/223945","targetHints":{"allow":["GET"]}}],"collection":[{"href":"https:\/\/diarioregionaldigital.com.br\/index.php?rest_route=\/wp\/v2\/posts"}],"about":[{"href":"https:\/\/diarioregionaldigital.com.br\/index.php?rest_route=\/wp\/v2\/types\/post"}],"author":[{"embeddable":true,"href":"https:\/\/diarioregionaldigital.com.br\/index.php?rest_route=\/wp\/v2\/users\/246"}],"replies":[{"embeddable":true,"href":"https:\/\/diarioregionaldigital.com.br\/index.php?rest_route=%2Fwp%2Fv2%2Fcomments&post=223945"}],"version-history":[{"count":1,"href":"https:\/\/diarioregionaldigital.com.br\/index.php?rest_route=\/wp\/v2\/posts\/223945\/revisions"}],"predecessor-version":[{"id":223947,"href":"https:\/\/diarioregionaldigital.com.br\/index.php?rest_route=\/wp\/v2\/posts\/223945\/revisions\/223947"}],"wp:featuredmedia":[{"embeddable":true,"href":"https:\/\/diarioregionaldigital.com.br\/index.php?rest_route=\/wp\/v2\/media\/223946"}],"wp:attachment":[{"href":"https:\/\/diarioregionaldigital.com.br\/index.php?rest_route=%2Fwp%2Fv2%2Fmedia&parent=223945"}],"wp:term":[{"taxonomy":"category","embeddable":true,"href":"https:\/\/diarioregionaldigital.com.br\/index.php?rest_route=%2Fwp%2Fv2%2Fcategories&post=223945"},{"taxonomy":"post_tag","embeddable":true,"href":"https:\/\/diarioregionaldigital.com.br\/index.php?rest_route=%2Fwp%2Fv2%2Ftags&post=223945"}],"curies":[{"name":"wp","href":"https:\/\/api.w.org\/{rel}","templated":true}]}}