{"id":223927,"date":"2024-07-30T18:28:36","date_gmt":"2024-07-30T21:28:36","guid":{"rendered":"https:\/\/diarioregionaldigital.com.br\/?p=223927"},"modified":"2024-07-30T18:28:36","modified_gmt":"2024-07-30T21:28:36","slug":"edicao-2024-do-festival-de-bandas-novas-comeca-no-sabado-3","status":"publish","type":"post","link":"https:\/\/diarioregionaldigital.com.br\/?p=223927","title":{"rendered":"Edi\u00e7\u00e3o 2024 do Festival de Bandas Novas come\u00e7a no s\u00e1bado, 3"},"content":{"rendered":"<p>Segundo informa\u00e7\u00f5es do site da Prefeitura de Juiz de Fora (PJF), a PJF\u00a0 informa que a 26\u00aa edi\u00e7\u00e3o do Festival de Bandas Novas ter\u00e1 in\u00edcio neste s\u00e1bado, 3 de agosto, a partir das 15h, na Pra\u00e7a Ant\u00f4nio Carlos (PAC) &#8211; Centro. Com acesso livre para todos os p\u00fablicos, o evento vai reunir 42 bandas independentes de rock e ter\u00e1 shows tamb\u00e9m nos dias 10, 24 e 25 de agosto.<\/p>\n<p>Os nomes das bandas participantes, a ordem de apresenta\u00e7\u00e3o de cada uma e a premia\u00e7\u00e3o do festival podem ser conferidos no Instagram @festivaldebandasnovasjf.<\/p>\n","protected":false},"excerpt":{"rendered":"<p>Segundo informa\u00e7\u00f5es do site da Prefeitura de Juiz de Fora (PJF), a PJF\u00a0 informa que a 26\u00aa edi\u00e7\u00e3o do Festival de Bandas Novas ter\u00e1 in\u00edcio neste s\u00e1bado, 3 de agosto, a partir das 15h, na Pra\u00e7a Ant\u00f4nio Carlos (PAC) &#8211; Centro. Com acesso livre para todos os p\u00fablicos, o evento vai reunir 42 bandas independentes [&hellip;]<\/p>\n","protected":false},"author":246,"featured_media":223928,"comment_status":"closed","ping_status":"closed","sticky":false,"template":"","format":"standard","meta":{"footnotes":""},"categories":[253,436,440,439],"tags":[],"class_list":["post-223927","post","type-post","status-publish","format-standard","has-post-thumbnail","hentry","category-cidade","category-destaque-da-semana","category-destaques-do-dia","category-ultima-hora"],"_links":{"self":[{"href":"https:\/\/diarioregionaldigital.com.br\/index.php?rest_route=\/wp\/v2\/posts\/223927","targetHints":{"allow":["GET"]}}],"collection":[{"href":"https:\/\/diarioregionaldigital.com.br\/index.php?rest_route=\/wp\/v2\/posts"}],"about":[{"href":"https:\/\/diarioregionaldigital.com.br\/index.php?rest_route=\/wp\/v2\/types\/post"}],"author":[{"embeddable":true,"href":"https:\/\/diarioregionaldigital.com.br\/index.php?rest_route=\/wp\/v2\/users\/246"}],"replies":[{"embeddable":true,"href":"https:\/\/diarioregionaldigital.com.br\/index.php?rest_route=%2Fwp%2Fv2%2Fcomments&post=223927"}],"version-history":[{"count":1,"href":"https:\/\/diarioregionaldigital.com.br\/index.php?rest_route=\/wp\/v2\/posts\/223927\/revisions"}],"predecessor-version":[{"id":223929,"href":"https:\/\/diarioregionaldigital.com.br\/index.php?rest_route=\/wp\/v2\/posts\/223927\/revisions\/223929"}],"wp:featuredmedia":[{"embeddable":true,"href":"https:\/\/diarioregionaldigital.com.br\/index.php?rest_route=\/wp\/v2\/media\/223928"}],"wp:attachment":[{"href":"https:\/\/diarioregionaldigital.com.br\/index.php?rest_route=%2Fwp%2Fv2%2Fmedia&parent=223927"}],"wp:term":[{"taxonomy":"category","embeddable":true,"href":"https:\/\/diarioregionaldigital.com.br\/index.php?rest_route=%2Fwp%2Fv2%2Fcategories&post=223927"},{"taxonomy":"post_tag","embeddable":true,"href":"https:\/\/diarioregionaldigital.com.br\/index.php?rest_route=%2Fwp%2Fv2%2Ftags&post=223927"}],"curies":[{"name":"wp","href":"https:\/\/api.w.org\/{rel}","templated":true}]}}