{"id":223924,"date":"2024-07-30T18:27:12","date_gmt":"2024-07-30T21:27:12","guid":{"rendered":"https:\/\/diarioregionaldigital.com.br\/?p=223924"},"modified":"2024-07-30T18:27:12","modified_gmt":"2024-07-30T21:27:12","slug":"duda-e-ana-patricia-se-garantem-nas-oitavas-do-volei-de-praia","status":"publish","type":"post","link":"https:\/\/diarioregionaldigital.com.br\/?p=223924","title":{"rendered":"Duda e Ana Patr\u00edcia se garantem nas oitavas do v\u00f4lei de praia"},"content":{"rendered":"<div class=\"post-item-wrap\">\n<p>As brasileiras Duda e Ana Patr\u00edcia deram mais uma demonstra\u00e7\u00e3o de que s\u00e3o fortes candidatas ao ouro no torneio feminino de v\u00f4lei de praia dos Jogos de Paris (Fran\u00e7a) ap\u00f3s derrotarem as espanholas Liliana e Paula por 2 sets a 0 (parciais de 21\/12 e 21\/13) em apenas 35 minutos de partida nesta ter\u00e7a-feira (30). Com este resultado as atuais l\u00edderes do ranking mundial da modalidade confirmaram a classifica\u00e7\u00e3o para as oitavas de final da competi\u00e7\u00e3o.<\/p>\n<p>Duda e Ana Patr\u00edcia, que estrearam na capital francesa com um triunfo por 2 sets a 0 sobre as eg\u00edpcias Abdelhady e Elghobashy, ainda t\u00eam um compromisso pela fase classificat\u00f3ria: na pr\u00f3xima quinta-feira (1) medem for\u00e7as com as italianas Gottardi e Menegatti a partir das 15h (hor\u00e1rio de Bras\u00edlia).<\/p>\n<p>\u201c[Vencer] \u00e9 sempre importante para os cruzamentos futuros, ainda que acredite que nas Olimp\u00edadas isso muda muito, porque as chaves nem sempre acabam do jeito que achamos. \u00c9 importante olhar para nossa caminhada. Para n\u00f3s \u00e9 importante se classificar em primeiro. Temos mais um jogo ainda. \u00c9 jogo a jogo, e ficamos felizes a cada passo. Vamos curtir esse momento e pensar na pr\u00f3xima. Independentemente da forma que sairmos da chave, vamos ter que continuar fazendo nosso melhor\u201d, analisou Ana Patr\u00edcia ap\u00f3s a partida desta ter\u00e7a.<\/p>\n<p>Tamb\u00e9m nesta ter\u00e7a,\u00a0<a href=\"https:\/\/agenciabrasil.ebc.com.br\/esportes\/noticia\/2024-07\/volei-de-praia-carol-e-barbara-voltam-vencer-e-avancam-oitavas\" target=\"_blank\" rel=\"noopener\">Carol Solberg e B\u00e1rbara Seixas tamb\u00e9m avan\u00e7aram para as oitavas do torneio de v\u00f4lei de praia<\/a>. As brasileiras garantiram a classifica\u00e7\u00e3o ap\u00f3s superarem as lituanas Monika Paulikiene e Aine Raupelyte por 2 sets a 0 (parciais de 21\/13 e 21\/14).<\/p>\n<\/div>\n<p class=\"alt-font font-italic my-2 small text-info\">\nFonte: Ag\u00eancia Brasil<\/p>\n","protected":false},"excerpt":{"rendered":"<p>As brasileiras Duda e Ana Patr\u00edcia deram mais uma demonstra\u00e7\u00e3o de que s\u00e3o fortes candidatas ao ouro no torneio feminino de v\u00f4lei de praia dos Jogos de Paris (Fran\u00e7a) ap\u00f3s derrotarem as espanholas Liliana e Paula por 2 sets a 0 (parciais de 21\/12 e 21\/13) em apenas 35 minutos de partida nesta ter\u00e7a-feira (30). [&hellip;]<\/p>\n","protected":false},"author":246,"featured_media":223925,"comment_status":"closed","ping_status":"closed","sticky":false,"template":"","format":"standard","meta":{"footnotes":""},"categories":[436,257,439],"tags":[],"class_list":["post-223924","post","type-post","status-publish","format-standard","has-post-thumbnail","hentry","category-destaque-da-semana","category-esporte","category-ultima-hora"],"_links":{"self":[{"href":"https:\/\/diarioregionaldigital.com.br\/index.php?rest_route=\/wp\/v2\/posts\/223924","targetHints":{"allow":["GET"]}}],"collection":[{"href":"https:\/\/diarioregionaldigital.com.br\/index.php?rest_route=\/wp\/v2\/posts"}],"about":[{"href":"https:\/\/diarioregionaldigital.com.br\/index.php?rest_route=\/wp\/v2\/types\/post"}],"author":[{"embeddable":true,"href":"https:\/\/diarioregionaldigital.com.br\/index.php?rest_route=\/wp\/v2\/users\/246"}],"replies":[{"embeddable":true,"href":"https:\/\/diarioregionaldigital.com.br\/index.php?rest_route=%2Fwp%2Fv2%2Fcomments&post=223924"}],"version-history":[{"count":1,"href":"https:\/\/diarioregionaldigital.com.br\/index.php?rest_route=\/wp\/v2\/posts\/223924\/revisions"}],"predecessor-version":[{"id":223926,"href":"https:\/\/diarioregionaldigital.com.br\/index.php?rest_route=\/wp\/v2\/posts\/223924\/revisions\/223926"}],"wp:featuredmedia":[{"embeddable":true,"href":"https:\/\/diarioregionaldigital.com.br\/index.php?rest_route=\/wp\/v2\/media\/223925"}],"wp:attachment":[{"href":"https:\/\/diarioregionaldigital.com.br\/index.php?rest_route=%2Fwp%2Fv2%2Fmedia&parent=223924"}],"wp:term":[{"taxonomy":"category","embeddable":true,"href":"https:\/\/diarioregionaldigital.com.br\/index.php?rest_route=%2Fwp%2Fv2%2Fcategories&post=223924"},{"taxonomy":"post_tag","embeddable":true,"href":"https:\/\/diarioregionaldigital.com.br\/index.php?rest_route=%2Fwp%2Fv2%2Ftags&post=223924"}],"curies":[{"name":"wp","href":"https:\/\/api.w.org\/{rel}","templated":true}]}}