{"id":223862,"date":"2024-07-26T19:21:42","date_gmt":"2024-07-26T22:21:42","guid":{"rendered":"https:\/\/diarioregionaldigital.com.br\/?p=223862"},"modified":"2024-07-26T19:21:42","modified_gmt":"2024-07-26T22:21:42","slug":"saude-capacita-regionais-sobre-descentralizacao-orcamentaria-e-financeira-das-politicas-publicas","status":"publish","type":"post","link":"https:\/\/diarioregionaldigital.com.br\/?p=223862","title":{"rendered":"Sa\u00fade capacita regionais sobre descentraliza\u00e7\u00e3o or\u00e7ament\u00e1ria e financeira das pol\u00edticas p\u00fablicas"},"content":{"rendered":"<p>A\u00a0<a href=\"https:\/\/www.saude.mg.gov.br\/\" target=\"_blank\" rel=\"noopener\">Secretaria de Estado de Sa\u00fade de Minas Gerais (SES-MG)<\/a>, realizou, de 23 a 25\/7, em Belo Horizonte, tr\u00eas oficinas de capacita\u00e7\u00e3o \u00e0s equipes de 23 Regionais de Sa\u00fade do Estado, sobre a descentraliza\u00e7\u00e3o da execu\u00e7\u00e3o or\u00e7ament\u00e1ria e financeira das pol\u00edticas p\u00fablicas da \u00e1rea.<\/p>\n<p dir=\"ltr\">Essa foi a terceira etapa do Projeto de Capacita\u00e7\u00e3o em Execu\u00e7\u00e3o de Sa\u00fade P\u00fablica, que teve como t\u00f3picos a revis\u00e3o do cadastro de resolu\u00e7\u00f5es e a revis\u00e3o da programa\u00e7\u00e3o das despesas no Sistema de Gest\u00e3o de Conv\u00eanios e Parcerias (Sigcon).<\/p>\n<p dir=\"ltr\">\u201cA inten\u00e7\u00e3o \u00e9 capacitar as regionais de sa\u00fade para operar os sistemas e, de fato, realizar tanto o cadastro no Sigcon, quanto a parte de programa\u00e7\u00e3o or\u00e7ament\u00e1ria e tamb\u00e9m o empenho, liquida\u00e7\u00e3o e pagamento\u201d, explica Tha\u00edsa de Aquino Pereira, diretora de Conv\u00eanios e Resolu\u00e7\u00f5es da Subsecretaria de Gest\u00e3o e Finan\u00e7as da SES-MG.<\/p>\n<p dir=\"ltr\">Na primeira etapa do projeto, tamb\u00e9m realizada em Belo Horizonte, as regionais trabalharam o cadastro das resolu\u00e7\u00f5es no sistema e o passo a passo com todos os procedimentos at\u00e9 o pagamento. J\u00e1 na segunda etapa, que foi on-line, participaram regionais que n\u00e3o puderam comparecer na etapa anterior e aquelas que ficaram com d\u00favidas relativas \u00e0 primeira capacita\u00e7\u00e3o.<\/p>\n<p dir=\"ltr\">\u201cNosso prop\u00f3sito \u00e9 dar autonomia para as regionais de sa\u00fade poderem fazer a execu\u00e7\u00e3o do processo or\u00e7ament\u00e1rio e financeiro e tamb\u00e9m para replicarem o conhecimento nas pr\u00f3prias regionais\u201d, salienta a diretora.<\/p>\n<p dir=\"ltr\">T\u00e9cnica de Gest\u00e3o de Sa\u00fade da Regional de Ub\u00e1, Daiana Felizardo de Oliveira elogiou a iniciativa. \u201cGostei muito da oficina porque \u00e9 muito importante essa proximidade com o N\u00edvel Central e a possibilidade de ter as nossas d\u00favidas sanadas de uma forma clara e objetiva\u201d, ressaltou.<\/p>\n<p dir=\"ltr\">A terceira etapa do projeto conta com uma segunda fase, que ser\u00e1 trabalhada pela Diretoria de Contabilidade de Finan\u00e7as da SES-MG nas pr\u00f3prias regionais\u00a0e vai tratar de empenho, liquida\u00e7\u00e3o e pagamento.<\/p>\n<p>Fonte: Ag\u00eancia Minas<\/p>\n","protected":false},"excerpt":{"rendered":"<p>A\u00a0Secretaria de Estado de Sa\u00fade de Minas Gerais (SES-MG), realizou, de 23 a 25\/7, em Belo Horizonte, tr\u00eas oficinas de capacita\u00e7\u00e3o \u00e0s equipes de 23 Regionais de Sa\u00fade do Estado, sobre a descentraliza\u00e7\u00e3o da execu\u00e7\u00e3o or\u00e7ament\u00e1ria e financeira das pol\u00edticas p\u00fablicas da \u00e1rea. Essa foi a terceira etapa do Projeto de Capacita\u00e7\u00e3o em Execu\u00e7\u00e3o de [&hellip;]<\/p>\n","protected":false},"author":246,"featured_media":223863,"comment_status":"closed","ping_status":"closed","sticky":false,"template":"","format":"standard","meta":{"footnotes":""},"categories":[436,261,439],"tags":[],"class_list":["post-223862","post","type-post","status-publish","format-standard","has-post-thumbnail","hentry","category-destaque-da-semana","category-economia","category-ultima-hora"],"_links":{"self":[{"href":"https:\/\/diarioregionaldigital.com.br\/index.php?rest_route=\/wp\/v2\/posts\/223862","targetHints":{"allow":["GET"]}}],"collection":[{"href":"https:\/\/diarioregionaldigital.com.br\/index.php?rest_route=\/wp\/v2\/posts"}],"about":[{"href":"https:\/\/diarioregionaldigital.com.br\/index.php?rest_route=\/wp\/v2\/types\/post"}],"author":[{"embeddable":true,"href":"https:\/\/diarioregionaldigital.com.br\/index.php?rest_route=\/wp\/v2\/users\/246"}],"replies":[{"embeddable":true,"href":"https:\/\/diarioregionaldigital.com.br\/index.php?rest_route=%2Fwp%2Fv2%2Fcomments&post=223862"}],"version-history":[{"count":1,"href":"https:\/\/diarioregionaldigital.com.br\/index.php?rest_route=\/wp\/v2\/posts\/223862\/revisions"}],"predecessor-version":[{"id":223864,"href":"https:\/\/diarioregionaldigital.com.br\/index.php?rest_route=\/wp\/v2\/posts\/223862\/revisions\/223864"}],"wp:featuredmedia":[{"embeddable":true,"href":"https:\/\/diarioregionaldigital.com.br\/index.php?rest_route=\/wp\/v2\/media\/223863"}],"wp:attachment":[{"href":"https:\/\/diarioregionaldigital.com.br\/index.php?rest_route=%2Fwp%2Fv2%2Fmedia&parent=223862"}],"wp:term":[{"taxonomy":"category","embeddable":true,"href":"https:\/\/diarioregionaldigital.com.br\/index.php?rest_route=%2Fwp%2Fv2%2Fcategories&post=223862"},{"taxonomy":"post_tag","embeddable":true,"href":"https:\/\/diarioregionaldigital.com.br\/index.php?rest_route=%2Fwp%2Fv2%2Ftags&post=223862"}],"curies":[{"name":"wp","href":"https:\/\/api.w.org\/{rel}","templated":true}]}}