{"id":223859,"date":"2024-07-26T19:20:25","date_gmt":"2024-07-26T22:20:25","guid":{"rendered":"https:\/\/diarioregionaldigital.com.br\/?p=223859"},"modified":"2024-07-26T19:20:25","modified_gmt":"2024-07-26T22:20:25","slug":"mais-de-50-de-veiculos-leves-utilizam-beneficio-de-desconto-no-pedagio-em-rodovias-concessionadas-no-sul-de-minas","status":"publish","type":"post","link":"https:\/\/diarioregionaldigital.com.br\/?p=223859","title":{"rendered":"Mais de 50% de ve\u00edculos leves utilizam benef\u00edcio de desconto no ped\u00e1gio em rodovias concessionadas no Sul de Minas"},"content":{"rendered":"<p><main class=\"clear margin-md-bottom-3\"><\/p>\n<div class=\"clear \">\n<p>Os motoristas que utilizam com frequ\u00eancia as rodovias concessionadas pelo\u00a0<a href=\"https:\/\/www.mg.gov.br\/\" target=\"_blank\" rel=\"noopener\">Governo de Minas<\/a>,\u00a0no Sul do estado, contam com o Desconto de Usu\u00e1rio Frequente (DUF).<\/p>\n<p>O benef\u00edcio \u00e9 v\u00e1lido para ve\u00edculos de passeio (categoria 1)\u00a0que utilizam o sistema de cobran\u00e7a autom\u00e1tica &#8211; tamb\u00e9m conhecido como TAG ou AVI (etiqueta eletr\u00f4nica colada no para-brisas).<\/p>\n<p>O desconto \u00e9 progressivo e varia de acordo com a pra\u00e7a de ped\u00e1gio. A aplica\u00e7\u00e3o \u00e9 feita\u00a0a partir da segunda passagem do ve\u00edculo pelo ped\u00e1gio no mesmo trecho, dentro do mesmo m\u00eas.\u00a0O valor m\u00e1ximo de abatimento\u00a0\u00e9 atingido no 30\u00ba\u00a0dia em que o motorista cruzar a \u00e1rea de monitoramento.<\/p>\n<p>A t\u00edtulo de exemplo, na pra\u00e7a P5, em Gon\u00e7alves, a redu\u00e7\u00e3o no valor pode chegar a 98% no trig\u00e9simo dia seguido, o equivalente a uma tarifa de R$ 0,18 centavos &#8211; conforme previsto no contrato assinado entre as concession\u00e1rias e a\u00a0<a href=\"http:\/\/www.infraestrutura.mg.gov.br\/\" target=\"_blank\" rel=\"noopener\">Secretaria de Estado de Infraestrutura, Mobilidade e Parcerias (Seinfra)<\/a>.<\/p>\n<p>\u201cAs rodovias concessionadas oferecem melhores condi\u00e7\u00f5es de trafegabilidade e infraestrutura, com reforma e constante manuten\u00e7\u00e3o, e de seguran\u00e7a, com servi\u00e7os para quem utiliza essas vias, como socorro mec\u00e2nico e atendimento m\u00e9dico. Mas sempre podemos ir al\u00e9m e, por isso, ampliamos os benef\u00edcios para os usu\u00e1rios, incorporando o DUF aos contratos de concess\u00f5es rodovi\u00e1rias\u201d, explica o subsecret\u00e1rio de Regula\u00e7\u00e3o de Transportes, Jos\u00e9 Barreto de Andrade Neto.<\/p>\n<p><strong>Benef\u00edcio real<\/strong><\/p>\n<figure class=\"image\"><img decoding=\"async\" src=\"https:\/\/www.agenciaminas.mg.gov.br\/ckeditor_assets\/pictures\/21375\/content_epr_sul_de_minas_divulgacao_2.jpg\" alt=\"\" \/><figcaption><sub><em>EPR Sul de Minas \/ Divulga\u00e7\u00e3o<\/em><\/sub><\/figcaption><\/figure>\n<p>Dados da concession\u00e1ria EPR Sul de Minas apontam que 50% dos ve\u00edculos leves se beneficiam dos descontos, que s\u00e3o aplicados automaticamente para quem utiliza como meio de pagamento as TAGs.<\/p>\n<p>A\u00a0pra\u00e7a\u00a0com maior representatividade \u00e9 a P3, em Santa Rita do Sapuca\u00ed, com 55% de utiliza\u00e7\u00e3o de DUF. Em seguida, aparecem empatadas &#8211; com 51% &#8211;\u00a0 a\u00a0P5, em Gon\u00e7alves, e a P7, em Ouro Fino.<\/p>\n<p>Para facilitar a consulta dos usu\u00e1rios, a concession\u00e1ria disponibiliza uma calculadora no site da empresa. Nela, \u00e9 poss\u00edvel fazer a simula\u00e7\u00e3o por pra\u00e7a de ped\u00e1gio e por n\u00famero de passagens.<\/p>\n<p>&nbsp;<\/p>\n<blockquote><p><a href=\"https:\/\/eprsuldeminas.com.br\/tarifa-de-pedagio\/duf\/\" target=\"_blank\" rel=\"noopener\">Clique aqui<\/a>\u00a0para acessar o simulador.<\/p><\/blockquote>\n<p>Em caso de d\u00favidas, os usu\u00e1rios podem entrar em contato com a EPR Sul de Minas pelo 0800 290 0459. O canal de atendimento \u00e9 gratuito e est\u00e1 dispon\u00edvel 24 horas.<\/p>\n<p><strong>Ped\u00e1gio sem cancela<\/strong><\/p>\n<p>O primeiro ped\u00e1gio sem cancela\u00a0(tamb\u00e9m conhecido como\u00a0<em>freeflow<\/em>)\u00a0implantado em uma concess\u00e3o rodovi\u00e1ria do Governo de Minas est\u00e1\u00a0instalado no km 12,7 da MG-459, em Monte Si\u00e3o, no Sul de Minas.\u00a0O equipamento une a tecnologia e a concess\u00e3o do desconto.<\/p>\n<p>Quase 50% dos 96 mil ve\u00edculos que passaram pela \u00e1rea\u00a0nos \u00faltimos 45 dias utilizaram o pagamento via TAG, o que evidencia a boa aceita\u00e7\u00e3o pelos usu\u00e1rios do novo modelo de passagem autom\u00e1tica.<\/p>\n<p>Sem precisar parar para fazer o pagamento, o que permite a passagem em fluxo cont\u00ednuo, o motorista ganha seguran\u00e7a, agilidade e ainda usufrui do Desconto de Usu\u00e1rio Frequente ao utilizar a TAG.<\/p>\n<p>Al\u00e9m disso, o sistema\u00a0<em>freeflow<\/em>\u00a0contribui para a\u00e7\u00f5es de seguran\u00e7a p\u00fablica, como explica o tenente Carlos Andr\u00e9 David, comandante do 3\u00ba pelot\u00e3o da Pol\u00edcia Militar Rodovi\u00e1ria (PMRv), em Pouso Alegre.<\/p>\n<p>\u201cEsse aux\u00edlio no monitoramento reflete de maneira objetiva na seguran\u00e7a de nossa regi\u00e3o, j\u00e1 que conseguimos ter um controle maior da entrada de ve\u00edculos em nossos munic\u00edpios e no estado de Minas Gerais, com quantidade de ve\u00edculos, tipos de ve\u00edculos e hor\u00e1rios. Ent\u00e3o, o\u00a0<em>freeflow<\/em>\u00a0auxilia nesse trabalho de intelig\u00eancia, de levantamento, sinistros de tr\u00e2nsito e de forma geral na sensa\u00e7\u00e3o de seguran\u00e7a p\u00fablica\u201d, conclui.<\/p>\n<p>Fonte: Ag\u00eancia Minas<\/p>\n<\/div>\n<p><\/main><\/p>\n","protected":false},"excerpt":{"rendered":"<p>Os motoristas que utilizam com frequ\u00eancia as rodovias concessionadas pelo\u00a0Governo de Minas,\u00a0no Sul do estado, contam com o Desconto de Usu\u00e1rio Frequente (DUF). O benef\u00edcio \u00e9 v\u00e1lido para ve\u00edculos de passeio (categoria 1)\u00a0que utilizam o sistema de cobran\u00e7a autom\u00e1tica &#8211; tamb\u00e9m conhecido como TAG ou AVI (etiqueta eletr\u00f4nica colada no para-brisas). O desconto \u00e9 progressivo [&hellip;]<\/p>\n","protected":false},"author":246,"featured_media":223860,"comment_status":"closed","ping_status":"closed","sticky":false,"template":"","format":"standard","meta":{"footnotes":""},"categories":[436,440,261,252,439],"tags":[],"class_list":["post-223859","post","type-post","status-publish","format-standard","has-post-thumbnail","hentry","category-destaque-da-semana","category-destaques-do-dia","category-economia","category-regiao","category-ultima-hora"],"_links":{"self":[{"href":"https:\/\/diarioregionaldigital.com.br\/index.php?rest_route=\/wp\/v2\/posts\/223859","targetHints":{"allow":["GET"]}}],"collection":[{"href":"https:\/\/diarioregionaldigital.com.br\/index.php?rest_route=\/wp\/v2\/posts"}],"about":[{"href":"https:\/\/diarioregionaldigital.com.br\/index.php?rest_route=\/wp\/v2\/types\/post"}],"author":[{"embeddable":true,"href":"https:\/\/diarioregionaldigital.com.br\/index.php?rest_route=\/wp\/v2\/users\/246"}],"replies":[{"embeddable":true,"href":"https:\/\/diarioregionaldigital.com.br\/index.php?rest_route=%2Fwp%2Fv2%2Fcomments&post=223859"}],"version-history":[{"count":1,"href":"https:\/\/diarioregionaldigital.com.br\/index.php?rest_route=\/wp\/v2\/posts\/223859\/revisions"}],"predecessor-version":[{"id":223861,"href":"https:\/\/diarioregionaldigital.com.br\/index.php?rest_route=\/wp\/v2\/posts\/223859\/revisions\/223861"}],"wp:featuredmedia":[{"embeddable":true,"href":"https:\/\/diarioregionaldigital.com.br\/index.php?rest_route=\/wp\/v2\/media\/223860"}],"wp:attachment":[{"href":"https:\/\/diarioregionaldigital.com.br\/index.php?rest_route=%2Fwp%2Fv2%2Fmedia&parent=223859"}],"wp:term":[{"taxonomy":"category","embeddable":true,"href":"https:\/\/diarioregionaldigital.com.br\/index.php?rest_route=%2Fwp%2Fv2%2Fcategories&post=223859"},{"taxonomy":"post_tag","embeddable":true,"href":"https:\/\/diarioregionaldigital.com.br\/index.php?rest_route=%2Fwp%2Fv2%2Ftags&post=223859"}],"curies":[{"name":"wp","href":"https:\/\/api.w.org\/{rel}","templated":true}]}}