{"id":223856,"date":"2024-07-25T20:18:49","date_gmt":"2024-07-25T23:18:49","guid":{"rendered":"https:\/\/diarioregionaldigital.com.br\/?p=223856"},"modified":"2024-07-25T20:18:49","modified_gmt":"2024-07-25T23:18:49","slug":"bairros-das-regioes-centro-sul-e-sudeste-podem-ter-abastecimento-de-agua-comprometido-nesta-sexta-26","status":"publish","type":"post","link":"https:\/\/diarioregionaldigital.com.br\/?p=223856","title":{"rendered":"Bairros das regi\u00f5es Centro, Sul e Sudeste podem ter abastecimento de \u00e1gua comprometido nesta sexta, 26"},"content":{"rendered":"<p>Segundo informa\u00e7\u00f5es do site da Prefeitura de Juiz de Fora (PJF), em virtude de uma manuten\u00e7\u00e3o programada da Companhia Energ\u00e9tica de Minas Gerais (Cemig) nesta sexta-feira, 26, alguns bairros das regi\u00f5es Centro, Sul e Sudeste de Juiz de Fora podem ter o fornecimento de \u00e1gua comprometido. Isso acontece porque a interrup\u00e7\u00e3o de energia impacta no funcionamento do reservat\u00f3rio Boa Vista, de responsabilidade da Companhia de Saneamento Municipal (Cesama).<\/p>\n<p>Com isso, o desabastecimento poder\u00e1 ser sentido nos bairros Granja Primavera e Granja Santo Ant\u00f4nio, Mundo Novo, Parque Guaru\u00e1 e Solidariedade. Tamb\u00e9m podem ser percebidos em partes do Bom Pastor, Cruzeiro do Sul, Graminha, Santa Cec\u00edlia, Santa Luzia, al\u00e9m das vilas Furtado de Menezes, Ideal, Olavo Costa e Ozanam. O trecho final da Avenida Rio Branco, nas proximidades do Carrefour, \u00e9 outra \u00e1rea que pode sentir, momentaneamente, a falta d\u2019\u00e1gua.<\/p>\n<p>A programa\u00e7\u00e3o \u00e9 que a interrup\u00e7\u00e3o, para a realiza\u00e7\u00e3o dos trabalhos da Cemig, aconte\u00e7a entre 8h45 e 16h do mesmo dia. A Cesama informa que, t\u00e3o logo a energia el\u00e9trica seja restabelecida, o funcionamento do reservat\u00f3rio ser\u00e1 retomado. A previs\u00e3o \u00e9 que, at\u00e9 s\u00e1bado, 27, pela manh\u00e3, todo o fornecimento de \u00e1gua esteja normalizado. At\u00e9 l\u00e1, pede a compreens\u00e3o dos moradores no sentido de economizar \u00e1gua.<\/p>\n<div><\/div>\n","protected":false},"excerpt":{"rendered":"<p>Segundo informa\u00e7\u00f5es do site da Prefeitura de Juiz de Fora (PJF), em virtude de uma manuten\u00e7\u00e3o programada da Companhia Energ\u00e9tica de Minas Gerais (Cemig) nesta sexta-feira, 26, alguns bairros das regi\u00f5es Centro, Sul e Sudeste de Juiz de Fora podem ter o fornecimento de \u00e1gua comprometido. Isso acontece porque a interrup\u00e7\u00e3o de energia impacta no [&hellip;]<\/p>\n","protected":false},"author":246,"featured_media":223857,"comment_status":"closed","ping_status":"closed","sticky":false,"template":"","format":"standard","meta":{"footnotes":""},"categories":[253,436,440,439],"tags":[],"class_list":["post-223856","post","type-post","status-publish","format-standard","has-post-thumbnail","hentry","category-cidade","category-destaque-da-semana","category-destaques-do-dia","category-ultima-hora"],"_links":{"self":[{"href":"https:\/\/diarioregionaldigital.com.br\/index.php?rest_route=\/wp\/v2\/posts\/223856","targetHints":{"allow":["GET"]}}],"collection":[{"href":"https:\/\/diarioregionaldigital.com.br\/index.php?rest_route=\/wp\/v2\/posts"}],"about":[{"href":"https:\/\/diarioregionaldigital.com.br\/index.php?rest_route=\/wp\/v2\/types\/post"}],"author":[{"embeddable":true,"href":"https:\/\/diarioregionaldigital.com.br\/index.php?rest_route=\/wp\/v2\/users\/246"}],"replies":[{"embeddable":true,"href":"https:\/\/diarioregionaldigital.com.br\/index.php?rest_route=%2Fwp%2Fv2%2Fcomments&post=223856"}],"version-history":[{"count":1,"href":"https:\/\/diarioregionaldigital.com.br\/index.php?rest_route=\/wp\/v2\/posts\/223856\/revisions"}],"predecessor-version":[{"id":223858,"href":"https:\/\/diarioregionaldigital.com.br\/index.php?rest_route=\/wp\/v2\/posts\/223856\/revisions\/223858"}],"wp:featuredmedia":[{"embeddable":true,"href":"https:\/\/diarioregionaldigital.com.br\/index.php?rest_route=\/wp\/v2\/media\/223857"}],"wp:attachment":[{"href":"https:\/\/diarioregionaldigital.com.br\/index.php?rest_route=%2Fwp%2Fv2%2Fmedia&parent=223856"}],"wp:term":[{"taxonomy":"category","embeddable":true,"href":"https:\/\/diarioregionaldigital.com.br\/index.php?rest_route=%2Fwp%2Fv2%2Fcategories&post=223856"},{"taxonomy":"post_tag","embeddable":true,"href":"https:\/\/diarioregionaldigital.com.br\/index.php?rest_route=%2Fwp%2Fv2%2Ftags&post=223856"}],"curies":[{"name":"wp","href":"https:\/\/api.w.org\/{rel}","templated":true}]}}