{"id":223853,"date":"2024-07-25T20:17:15","date_gmt":"2024-07-25T23:17:15","guid":{"rendered":"https:\/\/diarioregionaldigital.com.br\/?p=223853"},"modified":"2024-07-25T20:17:15","modified_gmt":"2024-07-25T23:17:15","slug":"mineiros-podem-escolher-nome-do-mascote-dos-jogos-escolares-de-minas-gerais-em-votacao-pela-internet","status":"publish","type":"post","link":"https:\/\/diarioregionaldigital.com.br\/?p=223853","title":{"rendered":"Mineiros podem escolher nome do mascote dos Jogos Escolares de Minas Gerais em vota\u00e7\u00e3o pela internet"},"content":{"rendered":"<p>O\u00a0<a href=\"https:\/\/www.mg.gov.br\/\" target=\"_blank\" rel=\"noopener\">Governo de Minas<\/a>\u00a0est\u00e1 se preparando para a pr\u00f3xima etapa estadual dos\u00a0<a href=\"http:\/\/jogosescolares.esportes.mg.gov.br\/\" target=\"_blank\" rel=\"noopener\">Jogos Escolares de Minas Gerais (Jemg)<\/a>, que acontecer\u00e1 em agosto. Antes disso, os cidad\u00e3os do estado t\u00eam uma tarefa: escolher o nome do mascote oficial. A vota\u00e7\u00e3o est\u00e1 aberta para toda a comunidade escolar at\u00e9 o dia 30\/7, dispon\u00edvel\u00a0<a href=\"https:\/\/docs.google.com\/forms\/d\/e\/1FAIpQLSd2PiNSEf0A8ib5EOHb7ZTLmPLmpwF433DLXKlCrvutGVHMOQ\/viewform\" target=\"_blank\" rel=\"noopener\">neste link<\/a>.<\/p>\n<p>A cadelinha Akira, golden retriever da estudante J\u00falia Dias, da Escola Estadual Doutor Adiron Gon\u00e7alves Boaventura, em Rio Parana\u00edba, no Alto Parana\u00edba, foi a inspira\u00e7\u00e3o por tr\u00e1s do vencedor. Agora, o mascote que ir\u00e1 representar os jogos precisa de um nome, dentre tr\u00eas op\u00e7\u00f5es: Jemguito, Mineirim e Th\u00e9o.<\/p>\n<p>A interlocutora do Jemg na\u00a0<a href=\"https:\/\/www.educacao.mg.gov.br\/\" target=\"_blank\" rel=\"noopener\">Secretaria de Estado de Educa\u00e7\u00e3o de Minas Gerais (SEE\/MG)<\/a>, Celina Gontijo, destacou a import\u00e2ncia da participa\u00e7\u00e3o dos estudantes na escolha do nome do mascote.<\/p>\n<p>\u201cA intera\u00e7\u00e3o com a comunidade \u00e9 excelente porque propomos aos estudantes que n\u00e3o participam diretamente da competi\u00e7\u00e3o esportiva a contribu\u00edrem de outra forma para os Jogos Escolares\u201d, afirmou.<\/p>\n<p>O nome escolhido para o mascote ser\u00e1 revelado na cerim\u00f4nia de abertura da etapa estadual dos jogos, que ocorrer\u00e1 em 6\/8, na cidade de Governador Valadares, no Vale do A\u00e7o.<\/p>\n<p><strong>Mascote do Jemg<\/strong><\/p>\n<p>Em 22 anos de hist\u00f3ria, esta \u00e9 a primeira vez que o Jemg ter\u00e1 um mascote oficial. O concurso para escolher o desenho vencedor foi organizado pela SEE\/MG, com o apoio da\u00a0<a href=\"https:\/\/social.mg.gov.br\/\" target=\"_blank\" rel=\"noopener\">Secretaria de Estado de Desenvolvimento Social (Sedese-MG)<\/a>, e contou com a participa\u00e7\u00e3o de estudantes todo o estado, que foram submetidas \u00e0 vota\u00e7\u00e3o popular entre maio e junho.<\/p>\n<p>Foram avaliadas na vota\u00e7\u00e3o a criatividade e a representa\u00e7\u00e3o dos valores de uni\u00e3o e determina\u00e7\u00e3o, fundamentais para a competi\u00e7\u00e3o.<\/p>\n<p>&#8220;Minha cachorra \u00e9 d\u00f3cil e companheira, mas tamb\u00e9m determinada quando necess\u00e1rio. Quis transmitir esses valores de amizade e resili\u00eancia&#8221;, explicou J\u00falia, autora do desenho e tamb\u00e9m atleta de v\u00f4lei.<\/p>\n<p><strong>Pr\u00f3ximos passos<\/strong><\/p>\n<p>O Jemg n\u00e3o \u00e9 apenas uma competi\u00e7\u00e3o, mas uma plataforma para o futuro. A pr\u00f3xima etapa, de 5 a 11\/8, dar\u00e1 continuidade \u00e0s disputas com as modalidades ol\u00edmpicas, definindo os representantes de Minas Gerais para os Jogos Escolares Brasileiros e outras competi\u00e7\u00f5es nacionais.<\/p>\n<p>Fonte: Ag\u00eancia Brasil<\/p>\n","protected":false},"excerpt":{"rendered":"<p>O\u00a0Governo de Minas\u00a0est\u00e1 se preparando para a pr\u00f3xima etapa estadual dos\u00a0Jogos Escolares de Minas Gerais (Jemg), que acontecer\u00e1 em agosto. Antes disso, os cidad\u00e3os do estado t\u00eam uma tarefa: escolher o nome do mascote oficial. A vota\u00e7\u00e3o est\u00e1 aberta para toda a comunidade escolar at\u00e9 o dia 30\/7, dispon\u00edvel\u00a0neste link. A cadelinha Akira, golden retriever [&hellip;]<\/p>\n","protected":false},"author":246,"featured_media":223854,"comment_status":"closed","ping_status":"closed","sticky":false,"template":"","format":"standard","meta":{"footnotes":""},"categories":[436,440,257,439],"tags":[],"class_list":["post-223853","post","type-post","status-publish","format-standard","has-post-thumbnail","hentry","category-destaque-da-semana","category-destaques-do-dia","category-esporte","category-ultima-hora"],"_links":{"self":[{"href":"https:\/\/diarioregionaldigital.com.br\/index.php?rest_route=\/wp\/v2\/posts\/223853","targetHints":{"allow":["GET"]}}],"collection":[{"href":"https:\/\/diarioregionaldigital.com.br\/index.php?rest_route=\/wp\/v2\/posts"}],"about":[{"href":"https:\/\/diarioregionaldigital.com.br\/index.php?rest_route=\/wp\/v2\/types\/post"}],"author":[{"embeddable":true,"href":"https:\/\/diarioregionaldigital.com.br\/index.php?rest_route=\/wp\/v2\/users\/246"}],"replies":[{"embeddable":true,"href":"https:\/\/diarioregionaldigital.com.br\/index.php?rest_route=%2Fwp%2Fv2%2Fcomments&post=223853"}],"version-history":[{"count":1,"href":"https:\/\/diarioregionaldigital.com.br\/index.php?rest_route=\/wp\/v2\/posts\/223853\/revisions"}],"predecessor-version":[{"id":223855,"href":"https:\/\/diarioregionaldigital.com.br\/index.php?rest_route=\/wp\/v2\/posts\/223853\/revisions\/223855"}],"wp:featuredmedia":[{"embeddable":true,"href":"https:\/\/diarioregionaldigital.com.br\/index.php?rest_route=\/wp\/v2\/media\/223854"}],"wp:attachment":[{"href":"https:\/\/diarioregionaldigital.com.br\/index.php?rest_route=%2Fwp%2Fv2%2Fmedia&parent=223853"}],"wp:term":[{"taxonomy":"category","embeddable":true,"href":"https:\/\/diarioregionaldigital.com.br\/index.php?rest_route=%2Fwp%2Fv2%2Fcategories&post=223853"},{"taxonomy":"post_tag","embeddable":true,"href":"https:\/\/diarioregionaldigital.com.br\/index.php?rest_route=%2Fwp%2Fv2%2Ftags&post=223853"}],"curies":[{"name":"wp","href":"https:\/\/api.w.org\/{rel}","templated":true}]}}