{"id":223837,"date":"2024-07-24T18:01:41","date_gmt":"2024-07-24T21:01:41","guid":{"rendered":"https:\/\/diarioregionaldigital.com.br\/?p=223837"},"modified":"2024-07-24T18:01:41","modified_gmt":"2024-07-24T21:01:41","slug":"pjf-realiza-mais-uma-edicao-do-imuniza-jf-no-sabado-27","status":"publish","type":"post","link":"https:\/\/diarioregionaldigital.com.br\/?p=223837","title":{"rendered":"PJF realiza mais uma edi\u00e7\u00e3o do Imuniza JF no s\u00e1bado, 27"},"content":{"rendered":"<p>Segundo informa\u00e7\u00f5es do site da Prefeitura de Juiz de Fora (PJF), a PJF informa que no pr\u00f3ximo s\u00e1bado, 27, acontece mais uma edi\u00e7\u00e3o do Imuniza JF, de 8h \u00e0s 11h, nas 37 Unidades B\u00e1sicas de Sa\u00fade (UBS) que funcionam aos s\u00e1bados.<\/p>\n<p>&nbsp;<\/p>\n<p>Ser\u00e1 realizada a aplica\u00e7\u00e3o dos imunizantes para os p\u00fablicos alvos das campanhas em andamento, como gripe e Covid-19, e tamb\u00e9m para crian\u00e7as, jovens e adultos que precisam atualizar os seus cart\u00f5es vacinais.<\/p>\n<p>&nbsp;<\/p>\n<p>\u00c9 necess\u00e1rio levar o cart\u00e3o de vacinas e um documento de identifica\u00e7\u00e3o.<\/p>\n<p>&nbsp;<\/p>\n<p><strong>Locais<\/strong><\/p>\n<p>&nbsp;<\/p>\n<p><strong>37 Unidades B\u00e1sicas de Sa\u00fade (UBS), das 8h \u00e0s 11h:<\/strong><\/p>\n<p>&nbsp;<\/p>\n<p>Alto Graja\u00fa<\/p>\n<p>Bairro Industrial<\/p>\n<p>Bandeirantes<\/p>\n<p>Centro Sul<\/p>\n<p>Cidade do Sol<\/p>\n<p>Filgueiras<\/p>\n<p>Furtado de Menezes<\/p>\n<p>Granjas Beth\u00e2nia<\/p>\n<p>Ipiranga<\/p>\n<p>Jardim Esperan\u00e7a<\/p>\n<p>Jardim Natal<\/p>\n<p>J\u00f3quei Clube I<\/p>\n<p>J\u00f3quei Clube II<\/p>\n<p>Linhares<\/p>\n<p>Marumbi<\/p>\n<p>Milho Branco<\/p>\n<p>Monte Castelo<\/p>\n<p>Nossa Senhora Aparecida<\/p>\n<p>Nossa Senhora das Gra\u00e7as<\/p>\n<p>Nova Era<\/p>\n<p>Progresso<\/p>\n<p>Retiro<\/p>\n<p>Santa Cec\u00edlia<\/p>\n<p>Santa Cruz<\/p>\n<p>Santa Efig\u00eania<\/p>\n<p>Santa Luzia<\/p>\n<p>Santa Rita<\/p>\n<p>Santo Ant\u00f4nio<\/p>\n<p>Santos Dumont<\/p>\n<p>S\u00e3o Benedito<\/p>\n<p>S\u00e3o Judas Tadeu<\/p>\n<p>S\u00e3o Pedro<\/p>\n<p>S\u00e3o Sebasti\u00e3o<\/p>\n<p>Teixeiras<\/p>\n<p>Vale Verde<\/p>\n<p>Vila Esperan\u00e7a<\/p>\n<p>Vila Ideal<\/p>\n","protected":false},"excerpt":{"rendered":"<p>Segundo informa\u00e7\u00f5es do site da Prefeitura de Juiz de Fora (PJF), a PJF informa que no pr\u00f3ximo s\u00e1bado, 27, acontece mais uma edi\u00e7\u00e3o do Imuniza JF, de 8h \u00e0s 11h, nas 37 Unidades B\u00e1sicas de Sa\u00fade (UBS) que funcionam aos s\u00e1bados. &nbsp; Ser\u00e1 realizada a aplica\u00e7\u00e3o dos imunizantes para os p\u00fablicos alvos das campanhas em [&hellip;]<\/p>\n","protected":false},"author":246,"featured_media":223838,"comment_status":"closed","ping_status":"closed","sticky":false,"template":"","format":"standard","meta":{"footnotes":""},"categories":[253,436,440,439],"tags":[],"class_list":["post-223837","post","type-post","status-publish","format-standard","has-post-thumbnail","hentry","category-cidade","category-destaque-da-semana","category-destaques-do-dia","category-ultima-hora"],"_links":{"self":[{"href":"https:\/\/diarioregionaldigital.com.br\/index.php?rest_route=\/wp\/v2\/posts\/223837","targetHints":{"allow":["GET"]}}],"collection":[{"href":"https:\/\/diarioregionaldigital.com.br\/index.php?rest_route=\/wp\/v2\/posts"}],"about":[{"href":"https:\/\/diarioregionaldigital.com.br\/index.php?rest_route=\/wp\/v2\/types\/post"}],"author":[{"embeddable":true,"href":"https:\/\/diarioregionaldigital.com.br\/index.php?rest_route=\/wp\/v2\/users\/246"}],"replies":[{"embeddable":true,"href":"https:\/\/diarioregionaldigital.com.br\/index.php?rest_route=%2Fwp%2Fv2%2Fcomments&post=223837"}],"version-history":[{"count":1,"href":"https:\/\/diarioregionaldigital.com.br\/index.php?rest_route=\/wp\/v2\/posts\/223837\/revisions"}],"predecessor-version":[{"id":223839,"href":"https:\/\/diarioregionaldigital.com.br\/index.php?rest_route=\/wp\/v2\/posts\/223837\/revisions\/223839"}],"wp:featuredmedia":[{"embeddable":true,"href":"https:\/\/diarioregionaldigital.com.br\/index.php?rest_route=\/wp\/v2\/media\/223838"}],"wp:attachment":[{"href":"https:\/\/diarioregionaldigital.com.br\/index.php?rest_route=%2Fwp%2Fv2%2Fmedia&parent=223837"}],"wp:term":[{"taxonomy":"category","embeddable":true,"href":"https:\/\/diarioregionaldigital.com.br\/index.php?rest_route=%2Fwp%2Fv2%2Fcategories&post=223837"},{"taxonomy":"post_tag","embeddable":true,"href":"https:\/\/diarioregionaldigital.com.br\/index.php?rest_route=%2Fwp%2Fv2%2Ftags&post=223837"}],"curies":[{"name":"wp","href":"https:\/\/api.w.org\/{rel}","templated":true}]}}