{"id":223824,"date":"2024-07-23T20:27:47","date_gmt":"2024-07-23T23:27:47","guid":{"rendered":"https:\/\/diarioregionaldigital.com.br\/?p=223824"},"modified":"2024-07-23T20:28:00","modified_gmt":"2024-07-23T23:28:00","slug":"torreoes-sedia-38a-expo-feira-de-gado-leiteiro-a-partir-desta-quinta-feira-dia-25","status":"publish","type":"post","link":"https:\/\/diarioregionaldigital.com.br\/?p=223824","title":{"rendered":"Torre\u00f5es sedia 38\u00aa Expo Feira de Gado Leiteiro a partir desta quinta-feira dia 25"},"content":{"rendered":"<p>Segundo informa\u00e7\u00f5es do site da Prefeitura de Juiz de Fora (PJF), a\u00a038\u00aa Expo Feira de Gado Leiteiro de Torre\u00f5es inicia nesta quinta-feira, 25, no campo do distrito. O evento segue at\u00e9 domingo, 28, com atra\u00e7\u00f5es musicais, competi\u00e7\u00e3o leiteira, exposi\u00e7\u00e3o de bezerras e outras atividades gratuitas. Haver\u00e1 \u00f4nibus extras atendendo o p\u00fablico. Os hor\u00e1rios est\u00e3o dispon\u00edveis abaixo da programa\u00e7\u00e3o.<\/p>\n<p><strong>Programa\u00e7\u00e3o completa:<\/strong><\/p>\n<p><strong>Quinta-feira, 25 de julho<\/strong><\/p>\n<p>16h &#8211; Chegada dos animais<\/p>\n<p>18h &#8211; Esgota dos animais<\/p>\n<p>19h &#8211; Missa na Igreja Matriz<\/p>\n<p>20h &#8211; Abertura oficial<\/p>\n<p>20h30 &#8211; Show com Jer\u00f4nimo Santos e Minist\u00e9rio de Adora\u00e7\u00e3o e Louvor<\/p>\n<p>21h &#8211; Show com Di Castro e Rafael<\/p>\n<p><strong>Sexta-feira, 26 de julho<\/strong><\/p>\n<p>8h &#8211; 1\u00aa ordenha<\/p>\n<p>19h &#8211; 2\u00aa ordenha<\/p>\n<p>22h30 &#8211; Show com Renan e Christiano com participa\u00e7\u00e3o de Gabriela Faria<\/p>\n<p>1h &#8211; Show com a Banda Relux<\/p>\n<p>&nbsp;<\/p>\n<p><strong>S\u00e1bado, 27 de julho<\/strong><\/p>\n<p>8h &#8211; 3\u00aa ordenha<\/p>\n<p>8h \u00e0s 12h &#8211; Projeto JF Lazer<\/p>\n<p>13h &#8211; Julgamento das bezerras girolando 7 estrelas<\/p>\n<p>19h &#8211; 4\u00aa ordenha<\/p>\n<p>22h30 &#8211; Show com a dupla Let\u00edcia e Vanessa e Larissa Viola<\/p>\n<p>00h30 &#8211; DJ Kall\u00f4<\/p>\n<p>1h &#8211; Show com Leo de Freitas<\/p>\n<p><strong>Domingo, 28 de julho<\/strong><\/p>\n<p>8h &#8211; 5\u00aa ordenha<\/p>\n<p>12h30 &#8211; Premia\u00e7\u00e3o do Torneio Leiteiro<\/p>\n<p>14h &#8211; Show com Gabi Gabizoca<\/p>\n<p>17h &#8211; Show com Felipe e Luan<\/p>\n<p>20h &#8211; Show com a banda Estilo Vip<br \/>\n<strong>\u00d4nibus Extras<\/strong><\/p>\n<p>Na quinta-feira, 25, os atendimentos ser\u00e3o nos hor\u00e1rios normais das linhas do ve\u00edculo da linha 519 &#8211; Torre\u00f5es. J\u00e1 na sexta-feira, 26, o ve\u00edculo extra sair\u00e1 do distrito \u00e0s 1h15, e far\u00e1 o itiner\u00e1rio: Jacutinga (Via Estrada Vicinal do Pe\u00e3o)\/Pirapetinga e retorna a Torre\u00f5es (Via Estrada Vicinal de Pirapetinga), de onde sair\u00e1 \u00e0s 03h para o Centro de Juiz de Fora. Al\u00e9m disso, haver\u00e1 ve\u00edculo extra \u00e0s 2h30, saindo de Torre\u00f5es para o Centro.<\/p>\n<p>No s\u00e1bado, 27, haver\u00e1 dois ve\u00edculos saindo do Centro sentido distrito. Um deles,\u00a0 \u00e0s 19h30 e o outro ve\u00edculo \u00e0s 21h20. \u00c0s 20h30 o ve\u00edculo extra sair\u00e1 do distrito sentido centro de Juiz de Fora. Outro ve\u00edculo sair\u00e1 1h15 para Jacutinga (Via Estrada Vicinal do Pe\u00e3o), seguindo para Pirapetinga (Via Estrada Vicinal do Pe\u00e3o), e retornando \u00e0 Torre\u00f5es (Via Estrada Vicinal de Pirapetinga). Em seguida, sair\u00e1 \u00e0s 3h15 para o Centro. J\u00e1 \u00e0s 2h20, um ve\u00edculo sair\u00e1 de Torre\u00f5es para Juiz de Fora.<\/p>\n<p>No domingo, 28, os atendimentos tamb\u00e9m ser\u00e3o realizados com os hor\u00e1rios normais da linha 519.<\/p>\n<p><strong>Confira os hor\u00e1rios<\/strong><\/p>\n<p><strong>Dia 25\/07 (quinta-feira)<\/strong><\/p>\n<p>\u2022 Atendimento normal da linha.<\/p>\n<p><strong>Dia 26\/07 (sexta-feira)<\/strong><\/p>\n<p>Madrugada de sexta-feira para s\u00e1bado:<\/p>\n<p><strong>Sa\u00eddas de Torre\u00f5es<\/strong><\/p>\n<p>\u2022 01h15 \u2013 Carro Extra, sa\u00edda de Torre\u00f5es para Jacutinga (Via Estrada Vicinal do Pe\u00e3o);<\/p>\n<p>01h35 \u2013\u00a0 sa\u00edda de Jacutinga para Pirapetinga (Via Estrada Vicinal do Pe\u00e3o);<\/p>\n<p>02h05 \u2013\u00a0 sa\u00edda de Pirapetinga retornando a Torre\u00f5es (Via Estrada Vicinal de Pirapetinga), de onde sair\u00e1 \u00e0s 03h para Juiz de Fora.<\/p>\n<p>\u2022 02h30 \u2013 Carro Extra.<\/p>\n<p>\u2022 03h \u2013 Carro Extra, sa\u00edda de Torre\u00f5es para Juiz de Fora. Mesmo carro de 01h15 que retornou de Jacutinga.<\/p>\n<p><strong>Dia 27\/07 (s\u00e1bado)<\/strong><\/p>\n<p>Madrugada de s\u00e1bado para domingo:<\/p>\n<p>Sa\u00eddas do Centro<\/p>\n<p>\u2022 19h30 \u2013 Aproveitamento do atendimento normal da linha: Carro que recolhe no Centro realiza mais uma viagem extra de volta a Torre\u00f5es.<\/p>\n<p>\u2022 21h20 &#8211; Aproveitamento do atendimento normal da linha: Carro que recolhe no Centro realiza mais uma viagem extra de volta a Torre\u00f5es.<\/p>\n<p><strong>Sa\u00eddas de Torre\u00f5es<\/strong><\/p>\n<p>\u2022 20h30 \u2013 Carro extra: sa\u00edda para Juiz de Fora.<\/p>\n<p>\u2022 01h15 \u2013 Carro extra para Jacutinga: (Via Estrada Vicinal do Pe\u00e3o), e a seguir para Pirapetinga (Via Estrada Vicinal do Pe\u00e3o \u2013 Retornando \u00e0 Torre\u00f5es (Via Estrada Vicinal de Pirapetinga).<\/p>\n<p>\u2022 02h20 \u2013 Carro extra: sa\u00edda de Torre\u00f5es para Juiz de Fora.<\/p>\n<p>\u2022 03h \u2013 Carro extra: sa\u00edda de Torre\u00f5es para Juiz de Fora.<\/p>\n<p>\u2022 03h15 \u2013 Carro extra: sa\u00edda de Torre\u00f5es para Juiz de Fora.<\/p>\n<p><strong>Dia 28\/07 (domingo)<\/strong><\/p>\n<p>Madrugada de domingo para segunda:<\/p>\n<p>\u2022 Atendimento normal da linha<\/p>\n<p>Os hor\u00e1rios podem ser conferidos no\u00a0<a href=\"https:\/\/www.pjf.mg.gov.br\/onibus\/itinerario\/index.php\">link<\/a>.<\/p>\n","protected":false},"excerpt":{"rendered":"<p>Segundo informa\u00e7\u00f5es do site da Prefeitura de Juiz de Fora (PJF), a\u00a038\u00aa Expo Feira de Gado Leiteiro de Torre\u00f5es inicia nesta quinta-feira, 25, no campo do distrito. O evento segue at\u00e9 domingo, 28, com atra\u00e7\u00f5es musicais, competi\u00e7\u00e3o leiteira, exposi\u00e7\u00e3o de bezerras e outras atividades gratuitas. Haver\u00e1 \u00f4nibus extras atendendo o p\u00fablico. Os hor\u00e1rios est\u00e3o dispon\u00edveis [&hellip;]<\/p>\n","protected":false},"author":246,"featured_media":223825,"comment_status":"closed","ping_status":"closed","sticky":false,"template":"","format":"standard","meta":{"footnotes":""},"categories":[253,436,440,439],"tags":[],"class_list":["post-223824","post","type-post","status-publish","format-standard","has-post-thumbnail","hentry","category-cidade","category-destaque-da-semana","category-destaques-do-dia","category-ultima-hora"],"_links":{"self":[{"href":"https:\/\/diarioregionaldigital.com.br\/index.php?rest_route=\/wp\/v2\/posts\/223824","targetHints":{"allow":["GET"]}}],"collection":[{"href":"https:\/\/diarioregionaldigital.com.br\/index.php?rest_route=\/wp\/v2\/posts"}],"about":[{"href":"https:\/\/diarioregionaldigital.com.br\/index.php?rest_route=\/wp\/v2\/types\/post"}],"author":[{"embeddable":true,"href":"https:\/\/diarioregionaldigital.com.br\/index.php?rest_route=\/wp\/v2\/users\/246"}],"replies":[{"embeddable":true,"href":"https:\/\/diarioregionaldigital.com.br\/index.php?rest_route=%2Fwp%2Fv2%2Fcomments&post=223824"}],"version-history":[{"count":2,"href":"https:\/\/diarioregionaldigital.com.br\/index.php?rest_route=\/wp\/v2\/posts\/223824\/revisions"}],"predecessor-version":[{"id":223827,"href":"https:\/\/diarioregionaldigital.com.br\/index.php?rest_route=\/wp\/v2\/posts\/223824\/revisions\/223827"}],"wp:featuredmedia":[{"embeddable":true,"href":"https:\/\/diarioregionaldigital.com.br\/index.php?rest_route=\/wp\/v2\/media\/223825"}],"wp:attachment":[{"href":"https:\/\/diarioregionaldigital.com.br\/index.php?rest_route=%2Fwp%2Fv2%2Fmedia&parent=223824"}],"wp:term":[{"taxonomy":"category","embeddable":true,"href":"https:\/\/diarioregionaldigital.com.br\/index.php?rest_route=%2Fwp%2Fv2%2Fcategories&post=223824"},{"taxonomy":"post_tag","embeddable":true,"href":"https:\/\/diarioregionaldigital.com.br\/index.php?rest_route=%2Fwp%2Fv2%2Ftags&post=223824"}],"curies":[{"name":"wp","href":"https:\/\/api.w.org\/{rel}","templated":true}]}}