{"id":223810,"date":"2024-07-23T00:03:58","date_gmt":"2024-07-23T03:03:58","guid":{"rendered":"https:\/\/diarioregionaldigital.com.br\/?p=223810"},"modified":"2024-07-23T00:03:58","modified_gmt":"2024-07-23T03:03:58","slug":"edital-de-convocacao-23-07-2024","status":"publish","type":"post","link":"https:\/\/diarioregionaldigital.com.br\/?p=223810","title":{"rendered":"EDITAL DE CONVOCA\u00c7\u00c3O &#8211; 23\/07\/2024"},"content":{"rendered":"<p class=\"s3\" style=\"text-align: center;\"><span class=\"s2\"><span class=\"bumpedFont17\">EDITAL DE CONVOCA\u00c7\u00c3O<\/span><\/span><\/p>\n<p class=\"s3\" style=\"text-align: center;\"><span class=\"s2\"><span class=\"bumpedFont17\">ASSEMBL\u00c9IA GERAL <\/span><\/span><\/p>\n<p style=\"text-align: center;\">\n<p class=\"s5\" style=\"text-align: center;\"><span class=\"s2\"><span class=\"bumpedFont17\">O Sindicato dos Trabalhadores nas Ind\u00fastrias Metal\u00fargicas, Mec\u00e2nicas, Material El\u00e9trico, Siderurgia e Fundi\u00e7\u00e3o, Montadora de ve\u00edculos, Auto Pe\u00e7as, Repara\u00e7\u00e3o de Ve\u00edculos e Acess\u00f3rios de Juiz de Fora, Matias Barbosa, Rio Novo, Rio Pomba, Santos Dumont, S\u00e3o Jo\u00e3o Nepomuceno, Bicas e <\/span><\/span><span class=\"s2\"><span class=\"bumpedFont17\">Ewbanck<\/span><\/span><span class=\"s2\"><span class=\"bumpedFont17\"> da C\u00e2mara \u2013 MG<\/span><\/span><span class=\"s4\"><span class=\"bumpedFont17\">,<\/span><\/span><span class=\"s4\"><span class=\"bumpedFont17\"> convocam todos os trabalhadores de sua base territorial, associados ou n\u00e3o ao sindicato, para <\/span><\/span><span class=\"s4\"><span class=\"bumpedFont17\">Assembl\u00e9ia<\/span><\/span><span class=\"s4\"><span class=\"bumpedFont17\"> Geral <\/span><\/span><span class=\"s4\"><span class=\"bumpedFont17\">extraord<\/span><\/span><span class=\"s4\"><span class=\"bumpedFont17\">in\u00e1ria da CAMPANHA SALARIAL 2024\/2025<\/span><\/span><span class=\"s4\"><span class=\"bumpedFont17\"> que ser\u00e1 realizada no<\/span><\/span><span class=\"s4\"><span class=\"bumpedFont17\"> dia <\/span><\/span><span class=\"s4\"><span class=\"bumpedFont17\">25<\/span><\/span><span class=\"s4\"><span class=\"bumpedFont17\"> de julh<\/span><\/span><span class=\"s4\"><span class=\"bumpedFont17\">o<\/span><\/span><span class=\"s4\"><span class=\"bumpedFont17\"> de 20<\/span><\/span><span class=\"s4\"><span class=\"bumpedFont17\">24<\/span><\/span><span class=\"s4\"><span class=\"bumpedFont17\">,<\/span><\/span> <span class=\"s4\"><span class=\"bumpedFont17\">na sede do Sindicato, situada a rua Floriano Peixoto, n.\u00ba 72 \u2013 Centro \u2013 Juiz de Fora\/MG, \u00e0s 18:00 horas, em primeira convoca\u00e7\u00e3o, e, \u00e0s 18:30 horas, em segunda convoca\u00e7\u00e3o, conforme Estatuto Social Vigente, para discutir e deliberar <\/span><\/span><span class=\"s4\"><span class=\"bumpedFont17\">sobre a seguinte ordem do dia: <\/span><\/span><a name=\"_GoBack\"><\/a><\/p>\n<p class=\"s6\" style=\"text-align: center;\"><span class=\"s4\"><span class=\"bumpedFont17\">1- Discuss\u00e3o e Aprova\u00e7\u00e3o da Pauta de Reivindica\u00e7\u00f5<\/span><\/span><span class=\"s4\"><span class=\"bumpedFont17\">es referente a Data Base de 2024<\/span><\/span><span class=\"s4\"><span class=\"bumpedFont17\">, a ser apresentada ao Sindicato da Categoria Econ\u00f4mica correspondente;<\/span><\/span><\/p>\n<p class=\"s6\" style=\"text-align: center;\"><span class=\"s4\"><span class=\"bumpedFont17\">2- Autoriza\u00e7\u00e3o para Diretoria Executiva celebrar Conven\u00e7\u00e3o Coletiva de Trabalho, e, frustrada a negocia\u00e7\u00e3o, eleger \u00e1rbitro e\/ou suscitar Diss\u00eddio Coletivo perante o Poder Judici\u00e1rio;<\/span><\/span><\/p>\n<p class=\"s6\" style=\"text-align: center;\"><span class=\"s4\"><span class=\"bumpedFont17\">3- Delibera\u00e7\u00e3o sobre Greve, <\/span><\/span><span class=\"s4\"><span class=\"bumpedFont17\">inclusive,<\/span><\/span><span class=\"s4\"><span class=\"bumpedFont17\"> o pagamento dos dias parados; <\/span><\/span><\/p>\n<p class=\"s6\" style=\"text-align: center;\"><span class=\"s4\"><span class=\"bumpedFont17\">4- Delibera\u00e7\u00e3o sobre o percentual da contribui\u00e7\u00e3o assistencial\/taxa de custeio da negocia\u00e7\u00e3o coletiva a ser fixada pela Assembleia e descontada de todos os membros da categoria que n\u00e3o se oponham ao referido desconto, autorizando-o;<\/span><\/span><\/p>\n<p class=\"s6\" style=\"text-align: center;\"><span class=\"s4\"><span class=\"bumpedFont17\">5- Delibera\u00e7\u00f5es sobre a instala\u00e7\u00e3o em car\u00e1ter permanente da presente Assembleia;<\/span><\/span><\/p>\n<p class=\"s6\" style=\"text-align: center;\"><span class=\"s4\"><span class=\"bumpedFont17\">6- Delibera\u00e7\u00f5es Consequentes.<\/span><\/span><\/p>\n<p class=\"s7\" style=\"text-align: center;\">\n<p class=\"s7\" style=\"text-align: center;\">\n<p style=\"text-align: center;\">\n<p class=\"s8\" style=\"text-align: center;\"><span class=\"s4\"><span class=\"bumpedFont17\">Juiz <\/span><\/span><span class=\"s4\"><span class=\"bumpedFont17\">de Fora, 23 de julho<\/span><\/span><span class=\"s4\"><span class=\"bumpedFont17\"> de 2024<\/span><\/span><\/p>\n<p class=\"s8\" style=\"text-align: center;\">\n<p class=\"s7\" style=\"text-align: center;\"><span class=\"s4\"><span class=\"bumpedFont17\">\u00a0 \u00a0 \u00a0 \u00a0 \u00a0 \u00a0 \u00a0 \u00a0 \u00a0 \u00a0 \u00a0 \u00a0 \u00a0 \u00a0 \u00a0 <\/span><\/span><\/p>\n<p class=\"s3\" style=\"text-align: center;\"><span class=\"s2\"><span class=\"bumpedFont17\">JO\u00c3O CESAR DA SILVA<\/span><\/span><\/p>\n<p class=\"s3\" style=\"text-align: center;\"><span class=\"s4\"><span class=\"bumpedFont17\">PRESIDENTE DO STIM-JF E REGI\u00c3O<\/span><\/span><\/p>\n<p style=\"text-align: center;\">\n","protected":false},"excerpt":{"rendered":"<p>EDITAL DE CONVOCA\u00c7\u00c3O ASSEMBL\u00c9IA GERAL O Sindicato dos Trabalhadores nas Ind\u00fastrias Metal\u00fargicas, Mec\u00e2nicas, Material El\u00e9trico, Siderurgia e Fundi\u00e7\u00e3o, Montadora de ve\u00edculos, Auto Pe\u00e7as, Repara\u00e7\u00e3o de Ve\u00edculos e Acess\u00f3rios de Juiz de Fora, Matias Barbosa, Rio Novo, Rio Pomba, Santos Dumont, S\u00e3o Jo\u00e3o Nepomuceno, Bicas e Ewbanck da C\u00e2mara \u2013 MG, convocam todos os trabalhadores de [&hellip;]<\/p>\n","protected":false},"author":246,"featured_media":0,"comment_status":"closed","ping_status":"closed","sticky":false,"template":"","format":"standard","meta":{"footnotes":""},"categories":[307],"tags":[],"class_list":["post-223810","post","type-post","status-publish","format-standard","hentry","category-editais"],"_links":{"self":[{"href":"https:\/\/diarioregionaldigital.com.br\/index.php?rest_route=\/wp\/v2\/posts\/223810","targetHints":{"allow":["GET"]}}],"collection":[{"href":"https:\/\/diarioregionaldigital.com.br\/index.php?rest_route=\/wp\/v2\/posts"}],"about":[{"href":"https:\/\/diarioregionaldigital.com.br\/index.php?rest_route=\/wp\/v2\/types\/post"}],"author":[{"embeddable":true,"href":"https:\/\/diarioregionaldigital.com.br\/index.php?rest_route=\/wp\/v2\/users\/246"}],"replies":[{"embeddable":true,"href":"https:\/\/diarioregionaldigital.com.br\/index.php?rest_route=%2Fwp%2Fv2%2Fcomments&post=223810"}],"version-history":[{"count":1,"href":"https:\/\/diarioregionaldigital.com.br\/index.php?rest_route=\/wp\/v2\/posts\/223810\/revisions"}],"predecessor-version":[{"id":223811,"href":"https:\/\/diarioregionaldigital.com.br\/index.php?rest_route=\/wp\/v2\/posts\/223810\/revisions\/223811"}],"wp:attachment":[{"href":"https:\/\/diarioregionaldigital.com.br\/index.php?rest_route=%2Fwp%2Fv2%2Fmedia&parent=223810"}],"wp:term":[{"taxonomy":"category","embeddable":true,"href":"https:\/\/diarioregionaldigital.com.br\/index.php?rest_route=%2Fwp%2Fv2%2Fcategories&post=223810"},{"taxonomy":"post_tag","embeddable":true,"href":"https:\/\/diarioregionaldigital.com.br\/index.php?rest_route=%2Fwp%2Fv2%2Ftags&post=223810"}],"curies":[{"name":"wp","href":"https:\/\/api.w.org\/{rel}","templated":true}]}}