{"id":223806,"date":"2024-07-22T21:43:59","date_gmt":"2024-07-23T00:43:59","guid":{"rendered":"https:\/\/diarioregionaldigital.com.br\/?p=223806"},"modified":"2024-07-22T21:43:59","modified_gmt":"2024-07-23T00:43:59","slug":"estrada-de-caete-e-liberada-apos-receber-pavimentacao","status":"publish","type":"post","link":"https:\/\/diarioregionaldigital.com.br\/?p=223806","title":{"rendered":"Estrada de Caet\u00e9 \u00e9 liberada ap\u00f3s receber pavimenta\u00e7\u00e3o"},"content":{"rendered":"<p>Segundo informa\u00e7\u00f5es do site da Prefeitura de Juiz de Fora (PJF), a PJF informa que o tr\u00e2nsito na Rua Luiz Gonzaga Merotto, em Caet\u00e9, foi totalmente liberado ap\u00f3s conclus\u00e3o dos trabalhos de pavimenta\u00e7\u00e3o. Uma \u00e1rea total de 3930 metros quadrados foi atendida, com implanta\u00e7\u00e3o de rede de drenagem. Durante a execu\u00e7\u00e3o dos servi\u00e7os, houve breve reten\u00e7\u00e3o no tr\u00e2nsito.<\/p>\n","protected":false},"excerpt":{"rendered":"<p>Segundo informa\u00e7\u00f5es do site da Prefeitura de Juiz de Fora (PJF), a PJF informa que o tr\u00e2nsito na Rua Luiz Gonzaga Merotto, em Caet\u00e9, foi totalmente liberado ap\u00f3s conclus\u00e3o dos trabalhos de pavimenta\u00e7\u00e3o. Uma \u00e1rea total de 3930 metros quadrados foi atendida, com implanta\u00e7\u00e3o de rede de drenagem. Durante a execu\u00e7\u00e3o dos servi\u00e7os, houve breve [&hellip;]<\/p>\n","protected":false},"author":246,"featured_media":223807,"comment_status":"closed","ping_status":"closed","sticky":false,"template":"","format":"standard","meta":{"footnotes":""},"categories":[253,436,440,439],"tags":[],"class_list":["post-223806","post","type-post","status-publish","format-standard","has-post-thumbnail","hentry","category-cidade","category-destaque-da-semana","category-destaques-do-dia","category-ultima-hora"],"_links":{"self":[{"href":"https:\/\/diarioregionaldigital.com.br\/index.php?rest_route=\/wp\/v2\/posts\/223806","targetHints":{"allow":["GET"]}}],"collection":[{"href":"https:\/\/diarioregionaldigital.com.br\/index.php?rest_route=\/wp\/v2\/posts"}],"about":[{"href":"https:\/\/diarioregionaldigital.com.br\/index.php?rest_route=\/wp\/v2\/types\/post"}],"author":[{"embeddable":true,"href":"https:\/\/diarioregionaldigital.com.br\/index.php?rest_route=\/wp\/v2\/users\/246"}],"replies":[{"embeddable":true,"href":"https:\/\/diarioregionaldigital.com.br\/index.php?rest_route=%2Fwp%2Fv2%2Fcomments&post=223806"}],"version-history":[{"count":1,"href":"https:\/\/diarioregionaldigital.com.br\/index.php?rest_route=\/wp\/v2\/posts\/223806\/revisions"}],"predecessor-version":[{"id":223808,"href":"https:\/\/diarioregionaldigital.com.br\/index.php?rest_route=\/wp\/v2\/posts\/223806\/revisions\/223808"}],"wp:featuredmedia":[{"embeddable":true,"href":"https:\/\/diarioregionaldigital.com.br\/index.php?rest_route=\/wp\/v2\/media\/223807"}],"wp:attachment":[{"href":"https:\/\/diarioregionaldigital.com.br\/index.php?rest_route=%2Fwp%2Fv2%2Fmedia&parent=223806"}],"wp:term":[{"taxonomy":"category","embeddable":true,"href":"https:\/\/diarioregionaldigital.com.br\/index.php?rest_route=%2Fwp%2Fv2%2Fcategories&post=223806"},{"taxonomy":"post_tag","embeddable":true,"href":"https:\/\/diarioregionaldigital.com.br\/index.php?rest_route=%2Fwp%2Fv2%2Ftags&post=223806"}],"curies":[{"name":"wp","href":"https:\/\/api.w.org\/{rel}","templated":true}]}}