{"id":223778,"date":"2024-07-19T20:04:12","date_gmt":"2024-07-19T23:04:12","guid":{"rendered":"https:\/\/diarioregionaldigital.com.br\/?p=223778"},"modified":"2024-07-19T20:04:12","modified_gmt":"2024-07-19T23:04:12","slug":"cemig-investe-r-35-mi-na-modernizacao-de-linha-de-distribuicao-em-aguas-formosas-e-regiao","status":"publish","type":"post","link":"https:\/\/diarioregionaldigital.com.br\/?p=223778","title":{"rendered":"Cemig investe R$ 35 mi na moderniza\u00e7\u00e3o de linha de distribui\u00e7\u00e3o em \u00c1guas Formosas e regi\u00e3o"},"content":{"rendered":"<p>A\u00a0<a href=\"https:\/\/www.cemig.com.br\/\" target=\"_blank\" rel=\"noopener\">Cemig<\/a>\u00a0finalizou uma importante obra de moderniza\u00e7\u00e3o da Linha de Distribui\u00e7\u00e3o de 69 kV \u00c1guas Formosa \u2013 Padre Para\u00edso. O empreentimento, que consistiu na substitui\u00e7\u00e3o das antigas estruturas de madeira por novas estruturas met\u00e1licas, foi iniciado em mar\u00e7o de 2022 e conclu\u00edda no dia 18\/7.<\/p>\n<p>O projeto de moderniza\u00e7\u00e3o faz parte do plano de refor\u00e7o para a regi\u00e3o de \u00c1guas Formosas, que representa um investimento aproximado de R$ 35 milh\u00f5es. Este plano inclui a constru\u00e7\u00e3o de aproximadamente 63 quil\u00f4metros\u00a0de linhas de distribui\u00e7\u00e3o em circuito simples e com estruturas met\u00e1licas, operando a 138 kV.\u00a0A conclus\u00e3o dessa obra visa\u00a0diminuir os impactos\u00a0causados por eventuais queimadas na regi\u00e3o, aumentando a confiabilidade do fornecimento de energia el\u00e9trica aos clientes.<\/p>\n<p>O engenheiro l\u00edder da Cemig, Jander Gon\u00e7alves, fala sobre os desafios do projeto e sobre os benef\u00edcios de sua conclus\u00e3o. \u201cDurante a execu\u00e7\u00e3o do projeto, sofremos com os embargos frequentes por parte de propriet\u00e1rios que n\u00e3o permitiam a entrada em suas propriedades para a realiza\u00e7\u00e3o das atividades necess\u00e1rias, um problema infelizmente comum, quando se trata de constru\u00e7\u00e3o de linhas de distribui\u00e7\u00e3o. Contudo, houve boa negocia\u00e7\u00e3o e conseguimos concluir as obras. Agora, a popula\u00e7\u00e3o da regi\u00e3o est\u00e1 mais protegida, seja contra eventuais queimadas ou at\u00e9 mesmo chuvas mais fortes que possam atingir a linha&#8221;, avalia o especialista da companhia<\/p>\n<p><b>Quase 100 mil pessoas ser\u00e3o beneficiadas<\/b><\/p>\n<p>A nova linha de distribui\u00e7\u00e3o \u00c1guas Formosas \u2013 Padre Para\u00edso \u00e9 essencial para a interliga\u00e7\u00e3o com o sistema de distribui\u00e7\u00e3o existente na regi\u00e3o Leste do estado. A sua conclus\u00e3o garantir\u00e1 um fornecimento adequado de energia el\u00e9trica para clientes nos munic\u00edpios de \u00c1guas Formosas, Bert\u00f3polis, Carlos Chagas, Cris\u00f3lita, Felisburgo, Fronteira dos Vales, Machacalis, Novo Oriente de Minas, Pav\u00e3o, Rio do Prado, Santa Helena de Minas e\u00a0Umburatiba, beneficiando aproximadamente 94 mil pessoas.<\/p>\n<p>Para o supervisor de Equipe de Manuten\u00e7\u00e3o de Linhas de Distribui\u00e7\u00e3o da Cemig, M\u00e1rcio Andrade Rosa, \u201cfoi uma atividade extremamente desafiadora, pois esse novo empreendimento era muito complexo e envolvia grandes obst\u00e1culos, como quest\u00f5es ambientais, relevo da regi\u00e3o e infraestrutura. Dessa forma, saber que estamos contribuindo com a empresa nessa etapa t\u00e3o importante de substituir um ativo que est\u00e1 em opera\u00e7\u00e3o h\u00e1 muitos anos, \u00a0nos deixa muito orgulhosos. Essa obra\u00a0trar\u00e1 grande transforma\u00e7\u00e3o na vida das pessoas, pois passaremos a ter uma linha de distribui\u00e7\u00e3o mais confi\u00e1vel, moderna e com melhor confiabilidade e continuidade no fornecimento de energia para a regi\u00e3o\u201d, explica.<\/p>\n<p>Outro importante ganho com a conclus\u00e3o da LD ser\u00e1 a contribui\u00e7\u00e3o para a melhoria nos indicadores de Dura\u00e7\u00e3o Equivalente de Interrup\u00e7\u00e3o por Unidade Consumidora (DEC) e Frequ\u00eancia Equivalente de Interrup\u00e7\u00e3o por Unidade Consumidora (FEC), refletindo diretamente na qualidade do servi\u00e7o prestado aos clientes da regi\u00e3o.<\/p>\n<p><b>Mais de 100 instala\u00e7\u00f5es em Minas<\/b><\/p>\n<p>Desde 2021, para energizar as 100 novas instala\u00e7\u00f5es em Minas Gerais, a Cemig j\u00e1 destinou quase R$ 3 milh\u00f5es, tornando a rede el\u00e9trica\u00a0mais\u00a0robusta e resiliente, conectando novas cargas e melhorando o fornecimento de\u00a0energia\u00a0para os\u00a0mais\u00a0de 9 milh\u00f5es de clientes em todo o estado.\u00a0A iniciativa est\u00e1 ampliando o n\u00famero de instala\u00e7\u00f5es em praticamente 50% no estado at\u00e9 2027, com um investimento total de\u202fmais\u00a0de\u202fR$\u202f7\u202fbilh\u00f5es.<\/p>\n<p>Fonte: Ag\u00eancia Minas<\/p>\n","protected":false},"excerpt":{"rendered":"<p>A\u00a0Cemig\u00a0finalizou uma importante obra de moderniza\u00e7\u00e3o da Linha de Distribui\u00e7\u00e3o de 69 kV \u00c1guas Formosa \u2013 Padre Para\u00edso. O empreentimento, que consistiu na substitui\u00e7\u00e3o das antigas estruturas de madeira por novas estruturas met\u00e1licas, foi iniciado em mar\u00e7o de 2022 e conclu\u00edda no dia 18\/7. O projeto de moderniza\u00e7\u00e3o faz parte do plano de refor\u00e7o para [&hellip;]<\/p>\n","protected":false},"author":246,"featured_media":223779,"comment_status":"closed","ping_status":"closed","sticky":false,"template":"","format":"standard","meta":{"footnotes":""},"categories":[436,261,439],"tags":[],"class_list":["post-223778","post","type-post","status-publish","format-standard","has-post-thumbnail","hentry","category-destaque-da-semana","category-economia","category-ultima-hora"],"_links":{"self":[{"href":"https:\/\/diarioregionaldigital.com.br\/index.php?rest_route=\/wp\/v2\/posts\/223778","targetHints":{"allow":["GET"]}}],"collection":[{"href":"https:\/\/diarioregionaldigital.com.br\/index.php?rest_route=\/wp\/v2\/posts"}],"about":[{"href":"https:\/\/diarioregionaldigital.com.br\/index.php?rest_route=\/wp\/v2\/types\/post"}],"author":[{"embeddable":true,"href":"https:\/\/diarioregionaldigital.com.br\/index.php?rest_route=\/wp\/v2\/users\/246"}],"replies":[{"embeddable":true,"href":"https:\/\/diarioregionaldigital.com.br\/index.php?rest_route=%2Fwp%2Fv2%2Fcomments&post=223778"}],"version-history":[{"count":1,"href":"https:\/\/diarioregionaldigital.com.br\/index.php?rest_route=\/wp\/v2\/posts\/223778\/revisions"}],"predecessor-version":[{"id":223780,"href":"https:\/\/diarioregionaldigital.com.br\/index.php?rest_route=\/wp\/v2\/posts\/223778\/revisions\/223780"}],"wp:featuredmedia":[{"embeddable":true,"href":"https:\/\/diarioregionaldigital.com.br\/index.php?rest_route=\/wp\/v2\/media\/223779"}],"wp:attachment":[{"href":"https:\/\/diarioregionaldigital.com.br\/index.php?rest_route=%2Fwp%2Fv2%2Fmedia&parent=223778"}],"wp:term":[{"taxonomy":"category","embeddable":true,"href":"https:\/\/diarioregionaldigital.com.br\/index.php?rest_route=%2Fwp%2Fv2%2Fcategories&post=223778"},{"taxonomy":"post_tag","embeddable":true,"href":"https:\/\/diarioregionaldigital.com.br\/index.php?rest_route=%2Fwp%2Fv2%2Ftags&post=223778"}],"curies":[{"name":"wp","href":"https:\/\/api.w.org\/{rel}","templated":true}]}}