{"id":223775,"date":"2024-07-19T20:00:18","date_gmt":"2024-07-19T23:00:18","guid":{"rendered":"https:\/\/diarioregionaldigital.com.br\/?p=223775"},"modified":"2024-07-19T20:00:18","modified_gmt":"2024-07-19T23:00:18","slug":"beneficiarios-devem-estar-atentos-a-fake-news-em-relacao-ao-censo-previdenciario","status":"publish","type":"post","link":"https:\/\/diarioregionaldigital.com.br\/?p=223775","title":{"rendered":"Benefici\u00e1rios devem estar atentos a fake news em rela\u00e7\u00e3o ao Censo Previdenci\u00e1rio"},"content":{"rendered":"<p>O\u00a0<a href=\"https:\/\/www.ipsemg.mg.gov.br\/\" target=\"_blank\" rel=\"noopener\">Instituto de Previd\u00eancia dos Servidores do Estado de Minas Gerais (Ipsemg)<\/a>\u00a0alerta benefici\u00e1rios sobre fake news em rela\u00e7\u00e3o ao Censo Cadastral Previdenci\u00e1rio do Poder Executivo, que terminou em abril. Segundo o Ipsemg, mensagens ultrapassadas t\u00eam confundido servidores, pensionistas e aposentados.<\/p>\n<p>De acordo com o Ipsemg, os benefici\u00e1rios devem sempre ficar atento \u00e0s datas dos comunicados e dos v\u00eddeos veiculados em grupos de WhatsApp, j\u00e1 que podem estar com o prazo vencido.<\/p>\n<p>Servidores, pensionistas e aposentados devem sempre buscar informa\u00e7\u00f5es atualizadas sobre o assunto. Todas as orienta\u00e7\u00f5es em rela\u00e7\u00e3o ao Censo Previdenci\u00e1rio est\u00e3o dispon\u00edveis no\u00a0<a href=\"https:\/\/www.ipsemg.mg.gov.br\/\" target=\"_blank\" rel=\"noopener\">site do Ipsemg<\/a>. Al\u00e9m disso, todas as convoca\u00e7\u00f5es s\u00e3o divulgadas tamb\u00e9m pelos canais oficiais do Instituto (site e redes sociais @ipsemgonline) e do Governo do Estado.<\/p>\n<p><strong>Fim do prazo<\/strong><\/p>\n<p>Ap\u00f3s 6\/4\u00a0de 2024, fim do prazo de regulariza\u00e7\u00e3o, h\u00e1 um procedimento em andamento para aqueles que n\u00e3o realizaram o censo. As informa\u00e7\u00f5es est\u00e3o dispon\u00edveis no site do Instituto de Previd\u00eancia dos Servidores do Estado de Minas Gerais.<\/p>\n<p>Considerando o servidor que est\u00e1 na ativa, a etapa que se segue neste momento, est\u00e1 a cargo das unidades de recursos humanos das secretarias e \u00f3rg\u00e3os fazerem o levantamento sobre a situa\u00e7\u00e3o funcional dos servidores inadimplentes e repassarem ao Ipsemg. Posteriormente, o Instituto ir\u00e1 encaminhar a listagem para os \u00f3rg\u00e3os de controle. De acordo com o cronograma, no dia 2\/9, a Controladoria Seccional informar\u00e1 \u00e0\u00a0<a href=\"https:\/\/www.cge.mg.gov.br\/a-cge\/agendas\/controlador-geral-do-estado\" target=\"_blank\" rel=\"noopener\">Controladoria-Geral do Estado (CGE)<\/a>, as a\u00e7\u00f5es correcionais instauradas para sanear as pend\u00eancias.<\/p>\n<p>Agora, se voc\u00ea \u00e9 servidor aposentado ou pensionista deve procurar uma unidade de atendimento do Ipsemg, apresentando documento de identifica\u00e7\u00e3o que conste foto e CPF; comprovante de resid\u00eancia expedido nos \u00faltimos 90 dias; preencher Declara\u00e7\u00e3o relatando o motivo por n\u00e3o ter realizado o Censo, bem como o Termo de Consentimento para Tratamento de Dados Pessoais e seguir as orienta\u00e7\u00f5es fornecidas para a atualiza\u00e7\u00e3o de seus dados.<\/p>\n<p>Pensionistas e aposentados impossibilitados de se locomover\u00a0ou que morem fora do estado devem seguir as orienta\u00e7\u00f5es para cada caso espec\u00edfico dispon\u00edveis na p\u00e1gina do Censo,\u00a0<u><a id=\"OWA2c4d45c1-3f29-2a94-e9af-4e6dd1d90ca7\" href=\"https:\/\/www.ipsemg.mg.gov.br\/servicos\/censo-cadastral-previdenciario\" target=\"_blank\" rel=\"noopener\" data-auth=\"NotApplicable\" data-linkindex=\"1\">veja aqui.<\/a><\/u><\/p>\n<p>Vale lembrar que todas as orienta\u00e7\u00f5es acima s\u00f3 valem para servidores ativos, aposentados e pensionistas vinculados a secretarias e \u00f3rg\u00e3os estaduais do Poder Executivo. Demais Poderes (Judici\u00e1rio, Legislativo e Minist\u00e9rio P\u00fablico) ainda ser\u00e3o convocados, tal como foi amplamente divulgado o Censo para do Poder Executivo.<\/p>\n<p><strong>Entenda o\u00a0Censo<\/strong><\/p>\n<p>O Censo Cadastral Previdenci\u00e1rio do Regime Pr\u00f3prio de Previd\u00eancia Social do Estado de Minas Gerais \u2013 RPPS-MG foi institu\u00eddo a partir do Decreto n 48.620, de 26 de maio de 2023, com a finalidade de realizar o levantamento dos dados cadastrais dos segurados e benefici\u00e1rios e subsidiar a cria\u00e7\u00e3o, atualiza\u00e7\u00e3o e consolida\u00e7\u00e3o do Cadastro Nacional de Informa\u00e7\u00f5es Sociais dos Regimes Pr\u00f3prios de Previd\u00eancia Social.<\/p>\n<p>&nbsp;<\/p>\n<p>Fonte: Ag\u00eancia Minas<\/p>\n","protected":false},"excerpt":{"rendered":"<p>O\u00a0Instituto de Previd\u00eancia dos Servidores do Estado de Minas Gerais (Ipsemg)\u00a0alerta benefici\u00e1rios sobre fake news em rela\u00e7\u00e3o ao Censo Cadastral Previdenci\u00e1rio do Poder Executivo, que terminou em abril. Segundo o Ipsemg, mensagens ultrapassadas t\u00eam confundido servidores, pensionistas e aposentados. De acordo com o Ipsemg, os benefici\u00e1rios devem sempre ficar atento \u00e0s datas dos comunicados e [&hellip;]<\/p>\n","protected":false},"author":246,"featured_media":223776,"comment_status":"closed","ping_status":"closed","sticky":false,"template":"","format":"standard","meta":{"footnotes":""},"categories":[436,261,254,439],"tags":[],"class_list":["post-223775","post","type-post","status-publish","format-standard","has-post-thumbnail","hentry","category-destaque-da-semana","category-economia","category-politica","category-ultima-hora"],"_links":{"self":[{"href":"https:\/\/diarioregionaldigital.com.br\/index.php?rest_route=\/wp\/v2\/posts\/223775","targetHints":{"allow":["GET"]}}],"collection":[{"href":"https:\/\/diarioregionaldigital.com.br\/index.php?rest_route=\/wp\/v2\/posts"}],"about":[{"href":"https:\/\/diarioregionaldigital.com.br\/index.php?rest_route=\/wp\/v2\/types\/post"}],"author":[{"embeddable":true,"href":"https:\/\/diarioregionaldigital.com.br\/index.php?rest_route=\/wp\/v2\/users\/246"}],"replies":[{"embeddable":true,"href":"https:\/\/diarioregionaldigital.com.br\/index.php?rest_route=%2Fwp%2Fv2%2Fcomments&post=223775"}],"version-history":[{"count":1,"href":"https:\/\/diarioregionaldigital.com.br\/index.php?rest_route=\/wp\/v2\/posts\/223775\/revisions"}],"predecessor-version":[{"id":223777,"href":"https:\/\/diarioregionaldigital.com.br\/index.php?rest_route=\/wp\/v2\/posts\/223775\/revisions\/223777"}],"wp:featuredmedia":[{"embeddable":true,"href":"https:\/\/diarioregionaldigital.com.br\/index.php?rest_route=\/wp\/v2\/media\/223776"}],"wp:attachment":[{"href":"https:\/\/diarioregionaldigital.com.br\/index.php?rest_route=%2Fwp%2Fv2%2Fmedia&parent=223775"}],"wp:term":[{"taxonomy":"category","embeddable":true,"href":"https:\/\/diarioregionaldigital.com.br\/index.php?rest_route=%2Fwp%2Fv2%2Fcategories&post=223775"},{"taxonomy":"post_tag","embeddable":true,"href":"https:\/\/diarioregionaldigital.com.br\/index.php?rest_route=%2Fwp%2Fv2%2Ftags&post=223775"}],"curies":[{"name":"wp","href":"https:\/\/api.w.org\/{rel}","templated":true}]}}