{"id":223762,"date":"2024-07-18T19:23:57","date_gmt":"2024-07-18T22:23:57","guid":{"rendered":"https:\/\/diarioregionaldigital.com.br\/?p=223762"},"modified":"2024-07-18T19:23:57","modified_gmt":"2024-07-18T22:23:57","slug":"governo-de-minas-atrai-projeto-de-parques-solares-com-investimento-de-r-140-milhoes","status":"publish","type":"post","link":"https:\/\/diarioregionaldigital.com.br\/?p=223762","title":{"rendered":"Governo de Minas atrai projeto de parques solares com investimento de R$ 140 milh\u00f5es"},"content":{"rendered":"<p>Comprovando a diversidade de investimentos privados atra\u00eddos pelo estado na gest\u00e3o do governador Romeu Zema, o\u00a0<a href=\"https:\/\/www.mg.gov.br\/\" target=\"_blank\" rel=\"noopener\">Governo de Minas<\/a>\u00a0anuncia a atra\u00e7\u00e3o de mais um empreendimento privado milion\u00e1rio, desta vez no campo da gera\u00e7\u00e3o de energia solar. O Projeto Tri\u00e2ngulo, idealizado pelas empresas A2 Empreendimentos e Solarmine, vai implantar 11 parques solares em munic\u00edpios do Tri\u00e2ngulo Mineiro, com investimento de R$ 140 milh\u00f5es e a expectativa de gera\u00e7\u00e3o de 340 empregos diretos.<\/p>\n<p>O empreendimento visa atender a demanda de consumo energ\u00e9tico de cerca de 38 mil resid\u00eancias, cujo gasto m\u00e9dio \u00e9 de 150 quilowatts por m\u00eas. A atra\u00e7\u00e3o de mais este investimento pelo Governo de Minas resultou do trabalho conjunto da\u00a0<a href=\"https:\/\/desenvolvimento.mg.gov.br\/\" target=\"_blank\" rel=\"noopener\">Secretaria de Estado de Desenvolvimento Econ\u00f4mico de Minas Gerais (Sede-MG)<\/a>\u00a0e sua ag\u00eancia vinculada\u00a0<a href=\"https:\/\/investminas.mg.gov.br\/\" target=\"_blank\" rel=\"noopener\">Invest Minas<\/a>.<\/p>\n<p>\u201cO Governo de Minas tem a atra\u00e7\u00e3o de investimentos privados como uma de suas principais pol\u00edticas p\u00fablicas de fomento ao desenvolvimento econ\u00f4mico e \u00e0 gera\u00e7\u00e3o de empregos e renda, proporcionando uma melhor qualidade de vida ao povo mineiro. No caso desse investimento, al\u00e9m de proporcionar as duas coisas, o Governo de Minas ainda contribui para a redu\u00e7\u00e3o de emiss\u00f5es de carbono e a transi\u00e7\u00e3o energ\u00e9tica global\u201d, destaca o secret\u00e1rio de Estado de Desenvolvimento Econ\u00f4mico, Fernando Passalio.<\/p>\n<p><strong>O empreendimento<\/strong><\/p>\n<p>A proje\u00e7\u00e3o \u00e9 de que os 11 parques solares dever\u00e3o produzir 38,5 MW de pot\u00eancia (3,5 MW por parque), importante volume que vai favorecer a redu\u00e7\u00e3o das emiss\u00f5es de carbono na atmosfera.<\/p>\n<p>De acordo com o cronograma do projeto, os parques nos munic\u00edpios de Prata, Ituiutaba, Capin\u00f3polis e Paracatu ser\u00e3o entregues at\u00e9 dezembro deste ano. Em Uberaba, a entrega est\u00e1 prevista para julho de 2025, e em Concei\u00e7\u00e3o das Alagoas, para julho de 2026.<\/p>\n<p>\u201cO objetivo deste projeto \u00e9 promover o desenvolvimento sustent\u00e1vel em Minas Gerais por meio da gera\u00e7\u00e3o e comercializa\u00e7\u00e3o de energia solar. O projeto vai gerar empregos e impulsionar\u00e1 o desenvolvimento econ\u00f4mico local, al\u00e9m de estabelecer parcerias para capacita\u00e7\u00e3o e inova\u00e7\u00e3o tecnol\u00f3gica no setor energ\u00e9tico\u201d, frisou o diretor-presidente da Invest Minas, Jo\u00e3o Paulo Braga.<\/p>\n<p>Diretor da A2 Empreendimentos, Jos\u00e9 Afonso Queiroz ressalta que \u201co Projeto Tri\u00e2ngulo \u00e9 moderno e vai contribuir para a meta de carbono zero, impulsionando uma economia mais sustent\u00e1vel e ecologicamente respons\u00e1vel\u201d, completou. Queiroz ainda afirmou que em breve as empresas devem anunciar novos investimentos no estado.<\/p>\n<p>Fonte: Ag\u00eancia Minas<\/p>\n","protected":false},"excerpt":{"rendered":"<p>Comprovando a diversidade de investimentos privados atra\u00eddos pelo estado na gest\u00e3o do governador Romeu Zema, o\u00a0Governo de Minas\u00a0anuncia a atra\u00e7\u00e3o de mais um empreendimento privado milion\u00e1rio, desta vez no campo da gera\u00e7\u00e3o de energia solar. O Projeto Tri\u00e2ngulo, idealizado pelas empresas A2 Empreendimentos e Solarmine, vai implantar 11 parques solares em munic\u00edpios do Tri\u00e2ngulo Mineiro, [&hellip;]<\/p>\n","protected":false},"author":246,"featured_media":223763,"comment_status":"closed","ping_status":"closed","sticky":false,"template":"","format":"standard","meta":{"footnotes":""},"categories":[436,261,254,252,439],"tags":[],"class_list":["post-223762","post","type-post","status-publish","format-standard","has-post-thumbnail","hentry","category-destaque-da-semana","category-economia","category-politica","category-regiao","category-ultima-hora"],"_links":{"self":[{"href":"https:\/\/diarioregionaldigital.com.br\/index.php?rest_route=\/wp\/v2\/posts\/223762","targetHints":{"allow":["GET"]}}],"collection":[{"href":"https:\/\/diarioregionaldigital.com.br\/index.php?rest_route=\/wp\/v2\/posts"}],"about":[{"href":"https:\/\/diarioregionaldigital.com.br\/index.php?rest_route=\/wp\/v2\/types\/post"}],"author":[{"embeddable":true,"href":"https:\/\/diarioregionaldigital.com.br\/index.php?rest_route=\/wp\/v2\/users\/246"}],"replies":[{"embeddable":true,"href":"https:\/\/diarioregionaldigital.com.br\/index.php?rest_route=%2Fwp%2Fv2%2Fcomments&post=223762"}],"version-history":[{"count":1,"href":"https:\/\/diarioregionaldigital.com.br\/index.php?rest_route=\/wp\/v2\/posts\/223762\/revisions"}],"predecessor-version":[{"id":223764,"href":"https:\/\/diarioregionaldigital.com.br\/index.php?rest_route=\/wp\/v2\/posts\/223762\/revisions\/223764"}],"wp:featuredmedia":[{"embeddable":true,"href":"https:\/\/diarioregionaldigital.com.br\/index.php?rest_route=\/wp\/v2\/media\/223763"}],"wp:attachment":[{"href":"https:\/\/diarioregionaldigital.com.br\/index.php?rest_route=%2Fwp%2Fv2%2Fmedia&parent=223762"}],"wp:term":[{"taxonomy":"category","embeddable":true,"href":"https:\/\/diarioregionaldigital.com.br\/index.php?rest_route=%2Fwp%2Fv2%2Fcategories&post=223762"},{"taxonomy":"post_tag","embeddable":true,"href":"https:\/\/diarioregionaldigital.com.br\/index.php?rest_route=%2Fwp%2Fv2%2Ftags&post=223762"}],"curies":[{"name":"wp","href":"https:\/\/api.w.org\/{rel}","templated":true}]}}