{"id":223739,"date":"2024-07-17T20:50:44","date_gmt":"2024-07-17T23:50:44","guid":{"rendered":"https:\/\/diarioregionaldigital.com.br\/?p=223739"},"modified":"2024-07-17T20:50:44","modified_gmt":"2024-07-17T23:50:44","slug":"estudantes-atletas-de-todo-o-estado-superam-limites-e-buscam-novas-conquistas-nos-jogos-escolares-de-minas-gerais-2024","status":"publish","type":"post","link":"https:\/\/diarioregionaldigital.com.br\/?p=223739","title":{"rendered":"Estudantes-atletas de todo o estado superam limites e buscam novas conquistas nos Jogos Escolares de Minas Gerais 2024"},"content":{"rendered":"<p><main class=\"clear margin-md-bottom-3\"><\/p>\n<div class=\"clear \">\n<p>Para alcan\u00e7ar o desenvolvimento integral, abrangendo aspectos f\u00edsicos, sociais, emocionais e \u00e9ticos, estudantes-atletas do estado est\u00e3o empenhados em uma das maiores competi\u00e7\u00f5es esportivas escolares do pa\u00eds, os\u00a0<a href=\"http:\/\/jogosescolares.esportes.mg.gov.br\/\" target=\"_blank\" rel=\"noopener\">Jogos Escolares de Minas Gerais (Jemg\/2024)<\/a>.<\/p>\n<p>Promovida pelo\u00a0<a href=\"https:\/\/www.mg.gov.br\/\" target=\"_blank\" rel=\"noopener\">Governo de Minas<\/a>, por meio das\u00a0<a href=\"https:\/\/www.educacao.mg.gov.br\/\" target=\"_blank\" rel=\"noopener\">Secretarias de Estado de Educa\u00e7\u00e3o (SEE\/MG)<\/a>\u00a0e\u00a0<a href=\"https:\/\/social.mg.gov.br\/\" target=\"_blank\" rel=\"noopener\">Desenvolvimento Social (Sedese)<\/a>\u00a0e da Federa\u00e7\u00e3o de Esportes Estudantis de Minas Gerais (Feemg), a competi\u00e7\u00e3o iniciou suas atividades na segunda-feira (15\/7), em Governador Valadares, no Vale do Rio Doce.<\/p>\n<p>A cerim\u00f4nia de abertura dos Jogos, realizada na noite dessa ter\u00e7a-feira (16\/7) na Pra\u00e7a de Esportes da cidade, transformou o local em um palco de determina\u00e7\u00e3o e supera\u00e7\u00e3o. Sob os aplausos das autoridades locais e da comunidade escolar, delega\u00e7\u00f5es desfilaram, destacando n\u00e3o apenas a competi\u00e7\u00e3o, mas os valores e crescimento dos estudantes.<\/p>\n<p>\u201cAl\u00e9m do desenvolvimento da parte f\u00edsica e de forma\u00e7\u00e3o de futuros atletas proporcionada pelo esporte, o Jemg tamb\u00e9m est\u00e1 ligado \u00e0 forma\u00e7\u00e3o e \u00e0 viv\u00eancia. Ressalto ainda a contribui\u00e7\u00e3o do esporte para diminui\u00e7\u00e3o da evas\u00e3o e garantia de acesso e perman\u00eancia do estudante ao ambiente escolar\u201d, pontua a diretora de Educa\u00e7\u00e3o Infantil e Ensino Fundamental da SEE\/MG, Danielle Chaves.<\/p>\n<p>Durante a cerim\u00f4nia, o superintendente de Programas Esportivos da Subsecretaria de Estado de Esportes da Sedese, Frederico Pessoa, desejou sucesso aos competidores. \u201cRessalto a import\u00e2ncia da articula\u00e7\u00e3o entre todos os \u00f3rg\u00e3os envolvidos na organiza\u00e7\u00e3o desse grande evento. Todos voc\u00eas j\u00e1 s\u00e3o vencedores em ter chegado at\u00e9 aqui. Desejamos boa sorte e um futuro brilhante\u201d, ressaltou.<\/p>\n<p>Nesta fase, competem aproximadamente 3,8 mil jovens nas modalidades individuais e paraol\u00edmpicas. Est\u00e3o inclu\u00eddas disputas de oito modalidades paral\u00edmpicas \u2014 atletismo, bocha, futebol de 7PC, goalball, jud\u00f4, nata\u00e7\u00e3o, parabadminton e t\u00eanis de mesa \u2014, e\u00a0 tr\u00eas ol\u00edmpicas \u2014 atletismo, jud\u00f4 e nata\u00e7\u00e3o.<\/p>\n<p>A edi\u00e7\u00e3o deste ano quebrou recordes de inscri\u00e7\u00f5es, refletindo a import\u00e2ncia do Jemg na promo\u00e7\u00e3o e valoriza\u00e7\u00e3o do esporte escolar. As competi\u00e7\u00f5es v\u00e3o at\u00e9 o pr\u00f3ximo domingo (21\/7). Confira o cronograma completo\u00a0<a href=\"https:\/\/www.educacao.mg.gov.br\/wp-content\/uploads\/2024\/07\/Programacao-Etapa-Estadual-1.pdf\" target=\"_blank\" rel=\"noopener\">neste link<\/a>.<\/p>\n<p><strong>Inspira\u00e7\u00e3o<\/strong><\/p>\n<p>O poder transformador do esporte se faz presente em cada hist\u00f3ria que emerge dos Jogos. Iago Lucas Teixeira, estudante da Escola Estadual Bolivar Tinoco Mineiro, em Belo Horizonte, encontrou na bocha n\u00e3o apenas um esporte, mas uma nova forma de viver.<\/p>\n<p>&#8220;Conhecemos a bocha h\u00e1 cinco anos, quando um professor mostrou que ele podia jogar. J\u00e1 viajamos antes, para Uberl\u00e2ndia, para participar do Jemg e ficamos em segundo lugar&#8221;, compartilhou emocionada Eliz\u00e2ngela Alves, m\u00e3e de Iago. &#8220;Eu amo o esporte&#8221;, acrescentou Iago, ao lado da m\u00e3e.<\/p>\n<p>Para Iasmin Gabriele Teixeira, da Escola Estadual Nossa Senhora de Guadalupe, em Lagoa da Prata, na regi\u00e3o Central de Minas, o atletismo \u00e9 uma b\u00fassola para sua vida.<\/p>\n<p>&#8220;Comecei a treinar h\u00e1 tr\u00eas anos por conta de crises de ansiedade, e a psic\u00f3loga me indicou o esporte. O esporte \u00e9 vida. Eu n\u00e3o sei o que seria de mim sem o atletismo&#8221;, afirmou. Na edi\u00e7\u00e3o de 2023, a estudante-atleta conquistou medalha de ouro nas provas de salto triplo e 100 metros com barreiras.<\/p>\n<p>Abel Mendes dos Santos, t\u00e9cnico do atletismo, reafirma como o Jemg pode transformar vidas. &#8220;\u00c9 gratificante ver como o Jemg tem impactado positivamente os atletas. Alguns seguem carreira esportiva, outros descobrem novos caminhos, mas todos s\u00e3o inspirados pelo poder do esporte&#8221;, refletiu Abel, que j\u00e1 revelou talentos como a atleta ol\u00edmpica N\u00fabia Soares, ex-estudante da Escola Estadual Chico Rezende, tamb\u00e9m em Lagoa da Prata.<\/p>\n<p><strong>Celebra\u00e7\u00e3o da diversidade<\/strong><\/p>\n<p>A etapa paral\u00edmpica dos Jogos Escolares de Minas Gerais tem participa\u00e7\u00e3o de 460 estudantes-atletas. Modalidades como atletismo, bocha e nata\u00e7\u00e3o n\u00e3o apenas promovem a competi\u00e7\u00e3o, mas tamb\u00e9m a inclus\u00e3o, adaptando-se \u00e0s habilidades de cada participante.<\/p>\n<p>&#8220;Meu professor de educa\u00e7\u00e3o f\u00edsica percebeu que eu n\u00e3o tinha muita liberdade na aula e me incentivou a me movimentar. Hoje, gra\u00e7as a esse est\u00edmulo, eu perdi a vergonha da cadeira de rodas e sonho em competir em uma Paralimp\u00edada&#8221;, relata K\u00e1ssia de Souza, estudante-atleta da Escola Estadual Gustavo Capanema, em Pitangui, na Regi\u00e3o Metropolitana de Belo Horizonte (RMBH).<\/p>\n<p><strong>Mascote do Jemg<\/strong><\/p>\n<p>Pela primeira vez em 22 anos, os Jogos Escolares de Minas Gerais contam com um mascote oficial. O Golden Retriever, criado pela estudante J\u00falia Dias Machado, da Escola Estadual Doutor Adiron Gon\u00e7alves Boaventura, em Rio Parana\u00edba, foi selecionado em vota\u00e7\u00e3o popular.<\/p>\n<p>Durante a cerim\u00f4nia de abertura da etapa estadual, foram apresentadas tr\u00eas op\u00e7\u00f5es de nomes para o mascote: Jemguito, Mineirim e Th\u00e9o. A comunidade escolar est\u00e1 convidada a participar e escolher o nome que melhor represente os Jogos\u00a0<a href=\"https:\/\/docs.google.com\/forms\/d\/e\/1FAIpQLSd2PiNSEf0A8ib5EOHb7ZTLmPLmpwF433DLXKlCrvutGVHMOQ\/viewform\" target=\"_blank\" rel=\"noopener\">neste link<\/a>. O nome vencedor ser\u00e1 revelado no in\u00edcio da pr\u00f3xima fase, em agosto.<\/p>\n<p><strong>Pr\u00f3ximos passos<\/strong><\/p>\n<p>O Jemg n\u00e3o \u00e9 apenas uma competi\u00e7\u00e3o, mas uma plataforma para o futuro. A pr\u00f3xima etapa, de 5 a 11\/8, dar\u00e1 continuidade \u00e0s disputas com as modalidades ol\u00edmpicas, definindo os representantes de Minas Gerais para os Jogos Escolares Brasileiros e outras competi\u00e7\u00f5es nacionais.<\/p>\n<p>\u201cNos cora\u00e7\u00f5es dos competidores e espectadores, os Jogos Escolares de Minas Gerais n\u00e3o s\u00e3o apenas uma competi\u00e7\u00e3o, mas uma jornada de supera\u00e7\u00e3o, inclus\u00e3o e inspira\u00e7\u00e3o, onde cada estudante-atleta escreve sua pr\u00f3pria hist\u00f3ria de triunfo e orgulho\u201d, acrescenta Danielle Chaves.<\/p>\n<p>Os Jogos Escolares de Minas Gerais continuam a crescer. O Governo de Minas investiu cerca de R$ 19 milh\u00f5es na edi\u00e7\u00e3o de 2024, que registrou um n\u00famero recorde de participantes, de 842 munic\u00edpios mineiros.<\/p>\n<p>Fonte: Ag\u00eancia Minas<\/p>\n<\/div>\n<p><\/main><\/p>\n","protected":false},"excerpt":{"rendered":"<p>Para alcan\u00e7ar o desenvolvimento integral, abrangendo aspectos f\u00edsicos, sociais, emocionais e \u00e9ticos, estudantes-atletas do estado est\u00e3o empenhados em uma das maiores competi\u00e7\u00f5es esportivas escolares do pa\u00eds, os\u00a0Jogos Escolares de Minas Gerais (Jemg\/2024). Promovida pelo\u00a0Governo de Minas, por meio das\u00a0Secretarias de Estado de Educa\u00e7\u00e3o (SEE\/MG)\u00a0e\u00a0Desenvolvimento Social (Sedese)\u00a0e da Federa\u00e7\u00e3o de Esportes Estudantis de Minas Gerais (Feemg), [&hellip;]<\/p>\n","protected":false},"author":246,"featured_media":223740,"comment_status":"closed","ping_status":"closed","sticky":false,"template":"","format":"standard","meta":{"footnotes":""},"categories":[436,440,257,439],"tags":[],"class_list":["post-223739","post","type-post","status-publish","format-standard","has-post-thumbnail","hentry","category-destaque-da-semana","category-destaques-do-dia","category-esporte","category-ultima-hora"],"_links":{"self":[{"href":"https:\/\/diarioregionaldigital.com.br\/index.php?rest_route=\/wp\/v2\/posts\/223739","targetHints":{"allow":["GET"]}}],"collection":[{"href":"https:\/\/diarioregionaldigital.com.br\/index.php?rest_route=\/wp\/v2\/posts"}],"about":[{"href":"https:\/\/diarioregionaldigital.com.br\/index.php?rest_route=\/wp\/v2\/types\/post"}],"author":[{"embeddable":true,"href":"https:\/\/diarioregionaldigital.com.br\/index.php?rest_route=\/wp\/v2\/users\/246"}],"replies":[{"embeddable":true,"href":"https:\/\/diarioregionaldigital.com.br\/index.php?rest_route=%2Fwp%2Fv2%2Fcomments&post=223739"}],"version-history":[{"count":1,"href":"https:\/\/diarioregionaldigital.com.br\/index.php?rest_route=\/wp\/v2\/posts\/223739\/revisions"}],"predecessor-version":[{"id":223741,"href":"https:\/\/diarioregionaldigital.com.br\/index.php?rest_route=\/wp\/v2\/posts\/223739\/revisions\/223741"}],"wp:featuredmedia":[{"embeddable":true,"href":"https:\/\/diarioregionaldigital.com.br\/index.php?rest_route=\/wp\/v2\/media\/223740"}],"wp:attachment":[{"href":"https:\/\/diarioregionaldigital.com.br\/index.php?rest_route=%2Fwp%2Fv2%2Fmedia&parent=223739"}],"wp:term":[{"taxonomy":"category","embeddable":true,"href":"https:\/\/diarioregionaldigital.com.br\/index.php?rest_route=%2Fwp%2Fv2%2Fcategories&post=223739"},{"taxonomy":"post_tag","embeddable":true,"href":"https:\/\/diarioregionaldigital.com.br\/index.php?rest_route=%2Fwp%2Fv2%2Ftags&post=223739"}],"curies":[{"name":"wp","href":"https:\/\/api.w.org\/{rel}","templated":true}]}}