{"id":223736,"date":"2024-07-17T20:49:26","date_gmt":"2024-07-17T23:49:26","guid":{"rendered":"https:\/\/diarioregionaldigital.com.br\/?p=223736"},"modified":"2024-07-17T20:49:26","modified_gmt":"2024-07-17T23:49:26","slug":"governo-de-minas-amplia-investimentos-para-a-compra-de-mamografos-digitais-no-interior","status":"publish","type":"post","link":"https:\/\/diarioregionaldigital.com.br\/?p=223736","title":{"rendered":"Governo de Minas amplia investimentos para a compra de mam\u00f3grafos digitais no interior"},"content":{"rendered":"<p>A\u00a0<a href=\"https:\/\/www.saude.mg.gov.br\/\" target=\"_blank\" rel=\"noopener\">Secret\u00e1ria de Estado de Sa\u00fade (SES-MG)<\/a>\u00a0destacou avan\u00e7os na \u00e1rea da sa\u00fade da mulher que v\u00eam sendo realizados no estado, por meio de a\u00e7\u00f5es e investimento do\u00a0<a href=\"https:\/\/www.mg.gov.br\/\" target=\"_blank\" rel=\"noopener\">Governo de Minas<\/a>, em audi\u00eancia da Comiss\u00e3o de Sa\u00fade da Assembleia Legislativa de Minas Gerais (ALMG), na ter\u00e7a-feira (16\/7).<\/p>\n<p>As a\u00e7\u00f5es, relacionadas ao diagn\u00f3stico do c\u00e2ncer de mama e a assist\u00eancia \u00e0s pacientes no estado, foram detalhadas pelo secret\u00e1rio de Estado de Sa\u00fade, o m\u00e9dico F\u00e1bio Baccheretti.<\/p>\n<p>\u201cTemos que garantir do in\u00edcio ao fim a experi\u00eancia da paciente dentro da rede de assist\u00eancia. Para isso, renovamos os mam\u00f3grafos anal\u00f3gicos para digitais no estado inteiro, com investimentos de R$75 milh\u00f5es para 46 munic\u00edpios, o que \u00e9 um avan\u00e7o enorme no diagn\u00f3stico&#8217;, apontou.<\/p>\n<p>O secret\u00e1rio tamb\u00e9m destacou a cria\u00e7\u00e3o de uma sistema de crit\u00e9rios de rastreio, pela qual a mulher na faixa et\u00e1ria eleg\u00edvel tenha acesso anualmente \u00e0 mamografia.<\/p>\n<p>Segundo Baccheretti, por meio do laudo de rastreio, ser\u00e1 verificada a indica\u00e7\u00e3o do ultrassom complementar, de uma consulta e da bi\u00f3psia, caso necess\u00e1rio.<\/p>\n<p>\u201cA mulher ser\u00e1 avaliada do in\u00edcio ao fim e, para que isso ocorra, o Estado ir\u00e1 beneficiar os munic\u00edpios e prestadores com valores destinados por eixos e prazos cumpridos\u201d, explicou.<\/p>\n<p><strong>Revis\u00e3o Opera Mais<\/strong><\/p>\n<figure class=\"image\"><img decoding=\"async\" src=\"https:\/\/www.agenciaminas.mg.gov.br\/ckeditor_assets\/pictures\/21331\/content_foto_marcus_ferreira.jpg\" alt=\"\" \/><figcaption><em><sub>Marcus Ferreira \/ Divulga\u00e7\u00e3o<\/sub><\/em><\/figcaption><\/figure>\n<p>F\u00e1bio Baccheretti tamb\u00e9m informou que os procedimentos oncol\u00f3gicos ser\u00e3o inclu\u00eddos na pr\u00f3xima revis\u00e3o do programa estadual Opera Mais.<\/p>\n<p>\u201c\u00c9 mais um passo importante para que acelere a execu\u00e7\u00e3o desses procedimentos e a conclus\u00e3o do tratamento da paciente\u201d, ressaltou.<\/p>\n<p>O secret\u00e1rio tamb\u00e9m informou que est\u00e1 em andamento o projeto para a cria\u00e7\u00e3o de um aplicativo para se somar \u00e0s iniciativas.<\/p>\n<p>\u201cVamos disponibilizar, em breve, na palma da m\u00e3o da mulher, a op\u00e7\u00e3o de marca\u00e7\u00e3o da mamografia, da consulta e que ela acompanhe todo o processo\u201d, anunciou.<\/p>\n<p>Segundo o secret\u00e1rio, a nova tecnologia, al\u00e9m de facilitar o processo de agendamento, tamb\u00e9m vai permitir o envio do diagn\u00f3stico para a equipe da aten\u00e7\u00e3o prim\u00e1ria do munic\u00edpio de resid\u00eancia da paciente e ao Centro de Assist\u00eancia de Alta Complexidade em Oncologia (Cacon) e Unidade de Assist\u00eancia de Alta Complexidade em Oncologia (Unacon) para dar in\u00edcio ao tratamento.<\/p>\n<p><strong>Estrat\u00e9gias\u00a0<\/strong><\/p>\n<p>O presidente da Comiss\u00e3o de Sa\u00fade da ALMG, deputado Arlen Santiago, apresentou os dados do c\u00e2ncer de mama que, de acordo com o Instituto Nacional do C\u00e2ncer (Inca), \u00e9 o segundo tumor mais comum entre as mulheres.<\/p>\n<p>\u201c\u00c9 de suma import\u00e2ncia elaborar estrat\u00e9gias de mudan\u00e7a e aperfei\u00e7oamento do SUS e tamb\u00e9m de acesso \u00e0s mamografias, exame essencial para o diagn\u00f3stico do c\u00e2ncer de mama, que apresenta 29,7% de incid\u00eancia de novos casos e fica atr\u00e1s apenas do c\u00e2ncer de pele\u201d, disse o parlamentar.<\/p>\n<p>O presidente do Conselho de Secret\u00e1rios Municipais de Sa\u00fade de Minas Gerais (Cosems), Edivaldo farias da Silva Filho, reiterou os avan\u00e7os no diagn\u00f3stico e tratamento do c\u00e2ncer de mama no estado nos \u00faltimos anos.<\/p>\n<p>\u201cAno passado anunciamos os investimentos para a aquisi\u00e7\u00e3o dos mam\u00f3grafos e j\u00e1 temos visto muitos deles, chegando na ponta, nos hospitais. Al\u00e9m disso, a inclus\u00e3o das cirurgias oncol\u00f3gicas no programa Opera Mais vai melhorar o fluxo para a oncologia em todo o estado\u201d, destacou.<\/p>\n<p>Para o Promotor de Justi\u00e7a do Minist\u00e9rio P\u00fablico de Minas Gerais, Luciano Moreira de Oliveira, \u00e9 primordial pensar na promo\u00e7\u00e3o e preven\u00e7\u00e3o \u00e0 sa\u00fade e na integralidade do cuidado.<\/p>\n<p>\u201c\u00c9 bastante esperan\u00e7oso para n\u00f3s ver essa pol\u00edtica p\u00fablica j\u00e1 rodando, e com novas a\u00e7\u00f5es a serem implementadas, j\u00e1 que os dados falam por si s\u00f3, quando mostram a import\u00e2ncia do c\u00e2ncer como uma das principais causas de mortalidade no mundo\u201d, concluiu.<\/p>\n<p><strong>Outras a\u00e7\u00f5es<\/strong><\/p>\n<p>As a\u00e7\u00f5es em andamento no estado contemplam a pol\u00edtica de amplia\u00e7\u00e3o da m\u00e9dia complexidade, que prev\u00ea repasses de aproximadamente R$100 milh\u00f5es para execu\u00e7\u00e3o de diversas linhas, entre elas a carteira de proped\u00eautica de c\u00e2ncer de mama.<\/p>\n<p>H\u00e1, tamb\u00e9m, a programa\u00e7\u00e3o de recursos de mais de R$50 milh\u00f5es para execu\u00e7\u00e3o do Servi\u00e7o de Apoio Diagn\u00f3stico e Terap\u00eautico (SADT) de oncologia.<\/p>\n<p>Minas Gerais conta com 40 servi\u00e7os de alta complexidade em oncologia, distribu\u00eddos pelas macrorregi\u00f5es do estado, com a possibilidade de oito novas habilita\u00e7\u00f5es nas regi\u00f5es Norte (uma), Oeste (uma), Centro (duas), Jequitinhonha (uma), Nordeste (uma) e Vale do A\u00e7o (uma).<\/p>\n<p>Fonte: Ag\u00eancia Minas<\/p>\n","protected":false},"excerpt":{"rendered":"<p>A\u00a0Secret\u00e1ria de Estado de Sa\u00fade (SES-MG)\u00a0destacou avan\u00e7os na \u00e1rea da sa\u00fade da mulher que v\u00eam sendo realizados no estado, por meio de a\u00e7\u00f5es e investimento do\u00a0Governo de Minas, em audi\u00eancia da Comiss\u00e3o de Sa\u00fade da Assembleia Legislativa de Minas Gerais (ALMG), na ter\u00e7a-feira (16\/7). As a\u00e7\u00f5es, relacionadas ao diagn\u00f3stico do c\u00e2ncer de mama e a [&hellip;]<\/p>\n","protected":false},"author":246,"featured_media":223737,"comment_status":"closed","ping_status":"closed","sticky":false,"template":"","format":"standard","meta":{"footnotes":""},"categories":[436,261,254,252,439],"tags":[],"class_list":["post-223736","post","type-post","status-publish","format-standard","has-post-thumbnail","hentry","category-destaque-da-semana","category-economia","category-politica","category-regiao","category-ultima-hora"],"_links":{"self":[{"href":"https:\/\/diarioregionaldigital.com.br\/index.php?rest_route=\/wp\/v2\/posts\/223736","targetHints":{"allow":["GET"]}}],"collection":[{"href":"https:\/\/diarioregionaldigital.com.br\/index.php?rest_route=\/wp\/v2\/posts"}],"about":[{"href":"https:\/\/diarioregionaldigital.com.br\/index.php?rest_route=\/wp\/v2\/types\/post"}],"author":[{"embeddable":true,"href":"https:\/\/diarioregionaldigital.com.br\/index.php?rest_route=\/wp\/v2\/users\/246"}],"replies":[{"embeddable":true,"href":"https:\/\/diarioregionaldigital.com.br\/index.php?rest_route=%2Fwp%2Fv2%2Fcomments&post=223736"}],"version-history":[{"count":1,"href":"https:\/\/diarioregionaldigital.com.br\/index.php?rest_route=\/wp\/v2\/posts\/223736\/revisions"}],"predecessor-version":[{"id":223738,"href":"https:\/\/diarioregionaldigital.com.br\/index.php?rest_route=\/wp\/v2\/posts\/223736\/revisions\/223738"}],"wp:featuredmedia":[{"embeddable":true,"href":"https:\/\/diarioregionaldigital.com.br\/index.php?rest_route=\/wp\/v2\/media\/223737"}],"wp:attachment":[{"href":"https:\/\/diarioregionaldigital.com.br\/index.php?rest_route=%2Fwp%2Fv2%2Fmedia&parent=223736"}],"wp:term":[{"taxonomy":"category","embeddable":true,"href":"https:\/\/diarioregionaldigital.com.br\/index.php?rest_route=%2Fwp%2Fv2%2Fcategories&post=223736"},{"taxonomy":"post_tag","embeddable":true,"href":"https:\/\/diarioregionaldigital.com.br\/index.php?rest_route=%2Fwp%2Fv2%2Ftags&post=223736"}],"curies":[{"name":"wp","href":"https:\/\/api.w.org\/{rel}","templated":true}]}}